{"id":26417,"date":"2026-04-26T11:38:56","date_gmt":"2026-04-26T17:38:56","guid":{"rendered":"https:\/\/elmetidosv.com\/?p=26417"},"modified":"2026-04-26T11:38:56","modified_gmt":"2026-04-26T17:38:56","slug":"medio-ambiente-pronostica-para-este-domingo-mucho-calor-y-tormentas-en-diferentes-zonas-de-el-salvador","status":"publish","type":"post","link":"https:\/\/elmetidosv.com\/?p=26417","title":{"rendered":"MEDIO AMBIENTE PRONOSTICA PARA ESTE DOMINGO MUCHO CALOR Y TORMENTAS EN DIFERENTES ZONAS DE EL SALVADOR"},"content":{"rendered":"\n<figure class=\"wp-block-gallery has-nested-images columns-default is-cropped wp-block-gallery-1 is-layout-flex wp-block-gallery-is-layout-flex\">\n<figure class=\"wp-block-image size-large\"><img loading=\"lazy\" decoding=\"async\" width=\"819\" height=\"1024\" data-id=\"26418\" src=\"https:\/\/elmetidosv.com\/wp-content\/uploads\/2026\/04\/clima-26-819x1024.jpg\" alt=\"\" class=\"wp-image-26418\" srcset=\"https:\/\/elmetidosv.com\/wp-content\/uploads\/2026\/04\/clima-26-819x1024.jpg 819w, https:\/\/elmetidosv.com\/wp-content\/uploads\/2026\/04\/clima-26-240x300.jpg 240w, https:\/\/elmetidosv.com\/wp-content\/uploads\/2026\/04\/clima-26-768x960.jpg 768w, https:\/\/elmetidosv.com\/wp-content\/uploads\/2026\/04\/clima-26-1229x1536.jpg 1229w, https:\/\/elmetidosv.com\/wp-content\/uploads\/2026\/04\/clima-26.jpg 1280w\" sizes=\"auto, (max-width: 819px) 100vw, 819px\" \/><\/figure>\n<\/figure>\n\n\n\n<p>El Observatorio del Ministerio de Medio Ambiente y Recursos Naturales inform\u00f3 que, a partir del mediod\u00eda y durante la tarde, se prev\u00e9 el inicio de lluvias en la cordillera del B\u00e1lsamo y la cordillera de Apaneca-Ilamatepec, as\u00ed como en el norte del departamento de La Paz.<\/p>\n\n\n\n<p>Asimismo, hacia mediados y finales de la tarde se esperan lluvias y tormentas en la franja norte del territorio nacional, con mayor \u00e9nfasis en los departamentos de Chalatenango, Moraz\u00e1n y Santa Ana.<\/p>\n\n\n\n<p>Para horas de la noche, las condiciones lluviosas continuar\u00e1n en sectores de la franja norte, la zona occidental y el sector costero oriental del pa\u00eds.<\/p>\n\n\n\n<p>Las autoridades recomiendan a la poblaci\u00f3n tomar precauciones ante posibles r\u00e1fagas de viento y actividad el\u00e9ctrica asociadas a las tormentas, as\u00ed como mantenerse informados a trav\u00e9s de los canales oficiales.<\/p>\n\n\n\n<figure class=\"wp-block-gallery has-nested-images columns-default is-cropped wp-block-gallery-2 is-layout-flex wp-block-gallery-is-layout-flex\">\n<figure class=\"wp-block-image size-large\"><img loading=\"lazy\" decoding=\"async\" width=\"1024\" height=\"1024\" data-id=\"23574\" src=\"https:\/\/elmetidosv.com\/wp-content\/uploads\/2026\/02\/santeins-2-bueno.jpeg\" alt=\"\" class=\"wp-image-23574\" srcset=\"https:\/\/elmetidosv.com\/wp-content\/uploads\/2026\/02\/santeins-2-bueno.jpeg 1024w, https:\/\/elmetidosv.com\/wp-content\/uploads\/2026\/02\/santeins-2-bueno-300x300.jpeg 300w, https:\/\/elmetidosv.com\/wp-content\/uploads\/2026\/02\/santeins-2-bueno-150x150.jpeg 150w, https:\/\/elmetidosv.com\/wp-content\/uploads\/2026\/02\/santeins-2-bueno-768x768.jpeg 768w\" sizes=\"auto, (max-width: 1024px) 100vw, 1024px\" \/><\/figure>\n<\/figure>\n","protected":false},"excerpt":{"rendered":"<p>El Observatorio del Ministerio de Medio Ambiente y Recursos Naturales inform\u00f3 que, a partir del mediod\u00eda y durante la tarde,<\/p>\n","protected":false},"author":2,"featured_media":26419,"comment_status":"closed","ping_status":"","sticky":false,"template":"","format":"standard","meta":{"colormag_page_container_layout":"default_layout","colormag_page_sidebar_layout":"default_layout","footnotes":""},"categories":[1],"tags":[1722,96,251,844,31,453,304,410,845,396,1092,60,303,7764,33,6589],"class_list":["post-26417","post","type-post","status-publish","format-standard","has-post-thumbnail","hentry","category-nacional","tag-ambiente","tag-autoridades","tag-chalatenango","tag-clima","tag-el-salvador","tag-la-paz","tag-lluvias","tag-marn","tag-meteorologia","tag-morazan","tag-noticias","tag-prevencion","tag-pronostico","tag-pronostico-tags-el-salvador","tag-santa-ana","tag-tormentas"],"_links":{"self":[{"href":"https:\/\/elmetidosv.com\/index.php?rest_route=\/wp\/v2\/posts\/26417","targetHints":{"allow":["GET"]}}],"collection":[{"href":"https:\/\/elmetidosv.com\/index.php?rest_route=\/wp\/v2\/posts"}],"about":[{"href":"https:\/\/elmetidosv.com\/index.php?rest_route=\/wp\/v2\/types\/post"}],"author":[{"embeddable":true,"href":"https:\/\/elmetidosv.com\/index.php?rest_route=\/wp\/v2\/users\/2"}],"replies":[{"embeddable":true,"href":"https:\/\/elmetidosv.com\/index.php?rest_route=%2Fwp%2Fv2%2Fcomments&post=26417"}],"version-history":[{"count":1,"href":"https:\/\/elmetidosv.com\/index.php?rest_route=\/wp\/v2\/posts\/26417\/revisions"}],"predecessor-version":[{"id":26420,"href":"https:\/\/elmetidosv.com\/index.php?rest_route=\/wp\/v2\/posts\/26417\/revisions\/26420"}],"wp:featuredmedia":[{"embeddable":true,"href":"https:\/\/elmetidosv.com\/index.php?rest_route=\/wp\/v2\/media\/26419"}],"wp:attachment":[{"href":"https:\/\/elmetidosv.com\/index.php?rest_route=%2Fwp%2Fv2%2Fmedia&parent=26417"}],"wp:term":[{"taxonomy":"category","embeddable":true,"href":"https:\/\/elmetidosv.com\/index.php?rest_route=%2Fwp%2Fv2%2Fcategories&post=26417"},{"taxonomy":"post_tag","embeddable":true,"href":"https:\/\/elmetidosv.com\/index.php?rest_route=%2Fwp%2Fv2%2Ftags&post=26417"}],"curies":[{"name":"wp","href":"https:\/\/api.w.org\/{rel}","templated":true}]}}