{"id":26414,"date":"2026-04-26T11:16:05","date_gmt":"2026-04-26T17:16:05","guid":{"rendered":"https:\/\/elmetidosv.com\/?p=26414"},"modified":"2026-04-26T11:16:05","modified_gmt":"2026-04-26T17:16:05","slug":"ee-uu-inicia-proceso-para-revocar-ciudadania-a-mas-de-350-personas-naturalizadas","status":"publish","type":"post","link":"https:\/\/elmetidosv.com\/?p=26414","title":{"rendered":"EE. UU. INICIA PROCESO PARA REVOCAR CIUDADAN\u00cdA A M\u00c1S DE 350 PERSONAS NATURALIZADAS"},"content":{"rendered":"\n<p>El Departamento de Justicia de Estados Unidos ha iniciado un proceso para revocar la ciudadan\u00eda a m\u00e1s de 350 personas naturalizadas en el pa\u00eds, seg\u00fan informes difundidos por The New York Times.<\/p>\n\n\n\n<p>De acuerdo con el reporte, la medida busca impulsar acciones legales contra individuos que presuntamente habr\u00edan obtenido su estatus migratorio mediante fraude, incluyendo la omisi\u00f3n de antecedentes penales o el uso de informaci\u00f3n falsa en sus solicitudes.<\/p>\n\n\n\n<p>Las demandas, de car\u00e1cter civil, forman parte de una estrategia impulsada durante la administraci\u00f3n del expresidente Donald Trump, con el objetivo de fortalecer los controles sobre los procesos de naturalizaci\u00f3n.<\/p>\n\n\n\n<p>Seg\u00fan el an\u00e1lisis, las autoridades priorizan casos vinculados a delitos graves, fraude y otras irregularidades. No obstante, organizaciones civiles han expresado preocupaci\u00f3n por la aplicaci\u00f3n de criterios como el \u201cbuen car\u00e1cter moral\u201d, se\u00f1alando posibles implicaciones legales y sociales.<\/p>\n\n\n\n<p>El proceso se desarrolla en distintas jurisdicciones del pa\u00eds y podr\u00eda convertirse en uno de los mayores esfuerzos de desnaturalizaci\u00f3n registrados en Estados Unidos.<\/p>\n\n\n\n<figure class=\"wp-block-gallery has-nested-images columns-default is-cropped wp-block-gallery-1 is-layout-flex wp-block-gallery-is-layout-flex\">\n<figure class=\"wp-block-image size-large\"><img loading=\"lazy\" decoding=\"async\" width=\"1024\" height=\"1024\" data-id=\"23574\" src=\"https:\/\/elmetidosv.com\/wp-content\/uploads\/2026\/02\/santeins-2-bueno.jpeg\" alt=\"\" class=\"wp-image-23574\" srcset=\"https:\/\/elmetidosv.com\/wp-content\/uploads\/2026\/02\/santeins-2-bueno.jpeg 1024w, https:\/\/elmetidosv.com\/wp-content\/uploads\/2026\/02\/santeins-2-bueno-300x300.jpeg 300w, https:\/\/elmetidosv.com\/wp-content\/uploads\/2026\/02\/santeins-2-bueno-150x150.jpeg 150w, https:\/\/elmetidosv.com\/wp-content\/uploads\/2026\/02\/santeins-2-bueno-768x768.jpeg 768w\" sizes=\"auto, (max-width: 1024px) 100vw, 1024px\" \/><\/figure>\n<\/figure>\n","protected":false},"excerpt":{"rendered":"<p>El Departamento de Justicia de Estados Unidos ha iniciado un proceso para revocar la ciudadan\u00eda a m\u00e1s de 350 personas<\/p>\n","protected":false},"author":2,"featured_media":26415,"comment_status":"closed","ping_status":"","sticky":false,"template":"","format":"standard","meta":{"colormag_page_container_layout":"default_layout","colormag_page_sidebar_layout":"default_layout","footnotes":""},"categories":[1],"tags":[96,7760,6138,7761,47,19,666,2680,82,6485,7763,26,7762,1092,2014,7607,7734],"class_list":["post-26414","post","type-post","status-publish","format-standard","has-post-thumbnail","hentry","category-nacional","tag-autoridades","tag-ciudadania","tag-departamento-de-justicia","tag-desnaturalizacion","tag-donald-trump","tag-estados-unidos","tag-fraude","tag-internacional","tag-justicia","tag-legal","tag-legal-tags-estados-unidos","tag-migracion","tag-naturalizacion","tag-noticias","tag-politica-migratoria","tag-proceso","tag-the-new-york-times"],"_links":{"self":[{"href":"https:\/\/elmetidosv.com\/index.php?rest_route=\/wp\/v2\/posts\/26414","targetHints":{"allow":["GET"]}}],"collection":[{"href":"https:\/\/elmetidosv.com\/index.php?rest_route=\/wp\/v2\/posts"}],"about":[{"href":"https:\/\/elmetidosv.com\/index.php?rest_route=\/wp\/v2\/types\/post"}],"author":[{"embeddable":true,"href":"https:\/\/elmetidosv.com\/index.php?rest_route=\/wp\/v2\/users\/2"}],"replies":[{"embeddable":true,"href":"https:\/\/elmetidosv.com\/index.php?rest_route=%2Fwp%2Fv2%2Fcomments&post=26414"}],"version-history":[{"count":1,"href":"https:\/\/elmetidosv.com\/index.php?rest_route=\/wp\/v2\/posts\/26414\/revisions"}],"predecessor-version":[{"id":26416,"href":"https:\/\/elmetidosv.com\/index.php?rest_route=\/wp\/v2\/posts\/26414\/revisions\/26416"}],"wp:featuredmedia":[{"embeddable":true,"href":"https:\/\/elmetidosv.com\/index.php?rest_route=\/wp\/v2\/media\/26415"}],"wp:attachment":[{"href":"https:\/\/elmetidosv.com\/index.php?rest_route=%2Fwp%2Fv2%2Fmedia&parent=26414"}],"wp:term":[{"taxonomy":"category","embeddable":true,"href":"https:\/\/elmetidosv.com\/index.php?rest_route=%2Fwp%2Fv2%2Fcategories&post=26414"},{"taxonomy":"post_tag","embeddable":true,"href":"https:\/\/elmetidosv.com\/index.php?rest_route=%2Fwp%2Fv2%2Ftags&post=26414"}],"curies":[{"name":"wp","href":"https:\/\/api.w.org\/{rel}","templated":true}]}}