{"id":26409,"date":"2026-04-26T11:02:50","date_gmt":"2026-04-26T17:02:50","guid":{"rendered":"https:\/\/elmetidosv.com\/?p=26409"},"modified":"2026-04-26T11:02:50","modified_gmt":"2026-04-26T17:02:50","slug":"reportan-rina-en-via-publica-en-san-miguel-investigan-hecho-difundido-en-redes","status":"publish","type":"post","link":"https:\/\/elmetidosv.com\/?p=26409","title":{"rendered":"REPORTAN RI\u00d1A EN V\u00cdA P\u00daBLICA EN SAN MIGUEL; INVESTIGAN HECHO DIFUNDIDO EN REDES"},"content":{"rendered":"\n<figure class=\"wp-block-gallery has-nested-images columns-default is-cropped wp-block-gallery-1 is-layout-flex wp-block-gallery-is-layout-flex\">\n<figure class=\"wp-block-image size-large\"><img loading=\"lazy\" decoding=\"async\" width=\"720\" height=\"719\" data-id=\"26411\" src=\"https:\/\/elmetidosv.com\/wp-content\/uploads\/2026\/04\/san-2.jpg\" alt=\"\" class=\"wp-image-26411\" srcset=\"https:\/\/elmetidosv.com\/wp-content\/uploads\/2026\/04\/san-2.jpg 720w, https:\/\/elmetidosv.com\/wp-content\/uploads\/2026\/04\/san-2-300x300.jpg 300w, https:\/\/elmetidosv.com\/wp-content\/uploads\/2026\/04\/san-2-150x150.jpg 150w\" sizes=\"auto, (max-width: 720px) 100vw, 720px\" \/><\/figure>\n<\/figure>\n\n\n\n<p>Un altercado entre varias personas fue reportado durante la madrugada de este domingo en la calle Elizabeth, en San Miguel, generando preocupaci\u00f3n entre residentes del sector.<br>El incidente ocurri\u00f3 alrededor de las 3:00 a.m. y fue captado en video por testigos. En las im\u00e1genes se observa a un grupo de personas involucradas en una confrontaci\u00f3n en plena v\u00eda p\u00fablica, lo que gener\u00f3 alarma entre vecinos.<br>De acuerdo con reportes preliminares, durante el hecho se utilizaron objetos contundentes, lo que habr\u00eda dejado a varias personas con lesiones. No obstante, hasta el momento no se ha brindado un balance oficial sobre afectados.<\/p>\n\n\n\n<figure class=\"wp-block-gallery has-nested-images columns-default is-cropped wp-block-gallery-2 is-layout-flex wp-block-gallery-is-layout-flex\">\n<figure class=\"wp-block-image size-large\"><img loading=\"lazy\" decoding=\"async\" width=\"720\" height=\"736\" data-id=\"26412\" src=\"https:\/\/elmetidosv.com\/wp-content\/uploads\/2026\/04\/san-3.jpg\" alt=\"\" class=\"wp-image-26412\" srcset=\"https:\/\/elmetidosv.com\/wp-content\/uploads\/2026\/04\/san-3.jpg 720w, https:\/\/elmetidosv.com\/wp-content\/uploads\/2026\/04\/san-3-293x300.jpg 293w\" sizes=\"auto, (max-width: 720px) 100vw, 720px\" \/><\/figure>\n<\/figure>\n\n\n\n<p><br>Uno de los aspectos que ha generado mayor preocupaci\u00f3n es la presencia de un menor de edad en el lugar al momento del incidente, quien, seg\u00fan la informaci\u00f3n disponible, no result\u00f3 con lesiones.<br>Las autoridades no han detallado las causas que originaron la confrontaci\u00f3n y se mantienen a la espera de informaci\u00f3n oficial para esclarecer lo ocurrido.<br>Se reitera el llamado a la poblaci\u00f3n a evitar este tipo de situaciones y a reportar cualquier incidente a las autoridades correspondientes.<\/p>\n\n\n\n<p>VIDEO <\/p>\n\n\n\n<figure class=\"wp-block-embed is-type-rich is-provider-twitter wp-block-embed-twitter\"><div class=\"wp-block-embed__wrapper\">\n<blockquote class=\"twitter-tweet\" data-width=\"550\" data-dnt=\"true\"><p lang=\"es\" dir=\"ltr\">Un hecho de violencia fue reportado la madrugada de este domingo en la calle Elizabeth, en San Miguel Centro, donde varias personas protagonizaron una pelea en la v\u00eda p\u00fablica.<br><br>El incidente ocurri\u00f3 alrededor de las 3:00 a.m., seg\u00fan informaci\u00f3n compartida en redes sociales. <a href=\"https:\/\/t.co\/m6llG6ch5p\">pic.twitter.com\/m6llG6ch5p<\/a><\/p>&mdash; El Metido (@elmetidooficial) <a href=\"https:\/\/twitter.com\/elmetidooficial\/status\/2048447391133553022?ref_src=twsrc%5Etfw\">April 26, 2026<\/a><\/blockquote><script async src=\"https:\/\/platform.twitter.com\/widgets.js\" charset=\"utf-8\"><\/script>\n<\/div><\/figure>\n","protected":false},"excerpt":{"rendered":"<p>Un altercado entre varias personas fue reportado durante la madrugada de este domingo en la calle Elizabeth, en San Miguel,<\/p>\n","protected":false},"author":2,"featured_media":26410,"comment_status":"closed","ping_status":"","sticky":false,"template":"","format":"standard","meta":{"colormag_page_container_layout":"default_layout","colormag_page_sidebar_layout":"default_layout","footnotes":""},"categories":[1],"tags":[5685,96,7759,259,31,22,2183,4027,5813,1092,6333,60,211,137,93,7758,7306],"class_list":["post-26409","post","type-post","status-publish","format-standard","has-post-thumbnail","hentry","category-nacional","tag-altercado","tag-autoridades","tag-ciudadanos","tag-comunidad","tag-el-salvador","tag-investigacion","tag-investigacion-tags-el-salvador","tag-madrugada","tag-menor","tag-noticias","tag-pelea","tag-prevencion","tag-rina","tag-san-miguel","tag-seguridad","tag-via-publica","tag-video"],"_links":{"self":[{"href":"https:\/\/elmetidosv.com\/index.php?rest_route=\/wp\/v2\/posts\/26409","targetHints":{"allow":["GET"]}}],"collection":[{"href":"https:\/\/elmetidosv.com\/index.php?rest_route=\/wp\/v2\/posts"}],"about":[{"href":"https:\/\/elmetidosv.com\/index.php?rest_route=\/wp\/v2\/types\/post"}],"author":[{"embeddable":true,"href":"https:\/\/elmetidosv.com\/index.php?rest_route=\/wp\/v2\/users\/2"}],"replies":[{"embeddable":true,"href":"https:\/\/elmetidosv.com\/index.php?rest_route=%2Fwp%2Fv2%2Fcomments&post=26409"}],"version-history":[{"count":1,"href":"https:\/\/elmetidosv.com\/index.php?rest_route=\/wp\/v2\/posts\/26409\/revisions"}],"predecessor-version":[{"id":26413,"href":"https:\/\/elmetidosv.com\/index.php?rest_route=\/wp\/v2\/posts\/26409\/revisions\/26413"}],"wp:featuredmedia":[{"embeddable":true,"href":"https:\/\/elmetidosv.com\/index.php?rest_route=\/wp\/v2\/media\/26410"}],"wp:attachment":[{"href":"https:\/\/elmetidosv.com\/index.php?rest_route=%2Fwp%2Fv2%2Fmedia&parent=26409"}],"wp:term":[{"taxonomy":"category","embeddable":true,"href":"https:\/\/elmetidosv.com\/index.php?rest_route=%2Fwp%2Fv2%2Fcategories&post=26409"},{"taxonomy":"post_tag","embeddable":true,"href":"https:\/\/elmetidosv.com\/index.php?rest_route=%2Fwp%2Fv2%2Ftags&post=26409"}],"curies":[{"name":"wp","href":"https:\/\/api.w.org\/{rel}","templated":true}]}}