{"id":26406,"date":"2026-04-26T10:31:28","date_gmt":"2026-04-26T16:31:28","guid":{"rendered":"https:\/\/elmetidosv.com\/?p=26406"},"modified":"2026-04-26T10:31:28","modified_gmt":"2026-04-26T16:31:28","slug":"autoridades-procesan-hallazgo-de-persona-fallecida-en-zona-rural-de-cojutepeque","status":"publish","type":"post","link":"https:\/\/elmetidosv.com\/?p=26406","title":{"rendered":"AUTORIDADES PROCESAN HALLAZGO DE PERSONA FALLECIDA EN ZONA RURAL DE COJUTEPEQUE"},"content":{"rendered":"\n<p>Autoridades procesan una escena tras el hallazgo del cuerpo sin vida de una persona en una zona rural de Cojutepeque.<\/p>\n\n\n\n<p>De acuerdo con informaci\u00f3n preliminar, lugare\u00f1os que transitaban por el sector alertaron a la Polic\u00eda Nacional Civil (PNC) luego de ubicar a la persona sin signos vitales.<\/p>\n\n\n\n<p>Testigos indicaron que el fallecido podr\u00eda ser residente del caser\u00edo Los Naranjos, cant\u00f3n El Carmen, aunque esta informaci\u00f3n a\u00fan no ha sido confirmada oficialmente.<\/p>\n\n\n\n<p>Hasta el momento, no existe una hip\u00f3tesis clara sobre lo ocurrido, por lo que ser\u00e1n las investigaciones correspondientes las que determinen si se trat\u00f3 de una muerte por causas naturales u otra circunstancia.<\/p>\n\n\n\n<p>Las autoridades no han emitido a\u00fan un pronunciamiento oficial en sus canales institucionales sobre este caso, que contin\u00faa en desarrollo.<\/p>\n\n\n\n<p>PUBLICIDAD <\/p>\n\n\n\n<figure class=\"wp-block-gallery has-nested-images columns-default is-cropped wp-block-gallery-1 is-layout-flex wp-block-gallery-is-layout-flex\">\n<figure class=\"wp-block-image size-large\"><img loading=\"lazy\" decoding=\"async\" width=\"600\" height=\"480\" data-id=\"26048\" src=\"https:\/\/elmetidosv.com\/wp-content\/uploads\/2026\/04\/car-wash-1-2.jpg\" alt=\"\" class=\"wp-image-26048\" srcset=\"https:\/\/elmetidosv.com\/wp-content\/uploads\/2026\/04\/car-wash-1-2.jpg 600w, https:\/\/elmetidosv.com\/wp-content\/uploads\/2026\/04\/car-wash-1-2-300x240.jpg 300w\" sizes=\"auto, (max-width: 600px) 100vw, 600px\" \/><\/figure>\n<\/figure>\n","protected":false},"excerpt":{"rendered":"<p>Autoridades procesan una escena tras el hallazgo del cuerpo sin vida de una persona en una zona rural de Cojutepeque.<\/p>\n","protected":false},"author":2,"featured_media":26407,"comment_status":"closed","ping_status":"","sticky":false,"template":"","format":"standard","meta":{"colormag_page_container_layout":"default_layout","colormag_page_sidebar_layout":"default_layout","footnotes":""},"categories":[1],"tags":[96,7722,7351,729,259,733,31,380,458,22,1092,456,85,7754,93,963,5797],"class_list":["post-26406","post","type-post","status-publish","format-standard","has-post-thumbnail","hentry","category-nacional","tag-autoridades","tag-autoridades-tags-el-salvador","tag-caso","tag-cojutepeque","tag-comunidad","tag-cuscatlan","tag-el-salvador","tag-fallecido","tag-hallazgo","tag-investigacion","tag-noticias","tag-persona-fallecida","tag-pnc","tag-procedimiento","tag-seguridad","tag-suceso","tag-zona-rural"],"_links":{"self":[{"href":"https:\/\/elmetidosv.com\/index.php?rest_route=\/wp\/v2\/posts\/26406","targetHints":{"allow":["GET"]}}],"collection":[{"href":"https:\/\/elmetidosv.com\/index.php?rest_route=\/wp\/v2\/posts"}],"about":[{"href":"https:\/\/elmetidosv.com\/index.php?rest_route=\/wp\/v2\/types\/post"}],"author":[{"embeddable":true,"href":"https:\/\/elmetidosv.com\/index.php?rest_route=\/wp\/v2\/users\/2"}],"replies":[{"embeddable":true,"href":"https:\/\/elmetidosv.com\/index.php?rest_route=%2Fwp%2Fv2%2Fcomments&post=26406"}],"version-history":[{"count":1,"href":"https:\/\/elmetidosv.com\/index.php?rest_route=\/wp\/v2\/posts\/26406\/revisions"}],"predecessor-version":[{"id":26408,"href":"https:\/\/elmetidosv.com\/index.php?rest_route=\/wp\/v2\/posts\/26406\/revisions\/26408"}],"wp:featuredmedia":[{"embeddable":true,"href":"https:\/\/elmetidosv.com\/index.php?rest_route=\/wp\/v2\/media\/26407"}],"wp:attachment":[{"href":"https:\/\/elmetidosv.com\/index.php?rest_route=%2Fwp%2Fv2%2Fmedia&parent=26406"}],"wp:term":[{"taxonomy":"category","embeddable":true,"href":"https:\/\/elmetidosv.com\/index.php?rest_route=%2Fwp%2Fv2%2Fcategories&post=26406"},{"taxonomy":"post_tag","embeddable":true,"href":"https:\/\/elmetidosv.com\/index.php?rest_route=%2Fwp%2Fv2%2Ftags&post=26406"}],"curies":[{"name":"wp","href":"https:\/\/api.w.org\/{rel}","templated":true}]}}