{"id":26396,"date":"2026-04-26T09:42:01","date_gmt":"2026-04-26T15:42:01","guid":{"rendered":"https:\/\/elmetidosv.com\/?p=26396"},"modified":"2026-04-26T09:49:04","modified_gmt":"2026-04-26T15:49:04","slug":"identificaron-a-la-adolescente-que-fallecio-tras-un-accidente-de-transito-registrado-en-el-puerto-de-la-libertad","status":"publish","type":"post","link":"https:\/\/elmetidosv.com\/?p=26396","title":{"rendered":"IDENTIFICARON A LA ADOLESCENTE QUE FALLECI\u00d3 TRAS UN ACCIDENTE DE TR\u00c1NSITO REGISTRADO EN EL PUERTO DE LA LIBERTAD"},"content":{"rendered":"\n<figure class=\"wp-block-gallery has-nested-images columns-default is-cropped wp-block-gallery-1 is-layout-flex wp-block-gallery-is-layout-flex\">\n<figure class=\"wp-block-image size-large\"><img loading=\"lazy\" decoding=\"async\" width=\"418\" height=\"207\" data-id=\"26398\" src=\"https:\/\/elmetidosv.com\/wp-content\/uploads\/2026\/04\/JOVEN-2-1.png\" alt=\"\" class=\"wp-image-26398\" srcset=\"https:\/\/elmetidosv.com\/wp-content\/uploads\/2026\/04\/JOVEN-2-1.png 418w, https:\/\/elmetidosv.com\/wp-content\/uploads\/2026\/04\/JOVEN-2-1-300x149.png 300w\" sizes=\"auto, (max-width: 418px) 100vw, 418px\" \/><\/figure>\n<\/figure>\n\n\n\n<p>Una adolescente de 14 a\u00f1os falleci\u00f3 tras un accidente de tr\u00e1nsito registrado sobre la carretera Litoral, a la altura del puente Chilama, en el sector del Puerto de La Libertad.<\/p>\n\n\n\n<p>La v\u00edctima fue identificada como Blanca Araceli Dom\u00ednguez, conocida como \u201cBlanquita\u201d, quien resid\u00eda en la comunidad El Chumpe, cercana al lugar del hecho.<\/p>\n\n\n\n<p>De acuerdo con informaci\u00f3n preliminar, la menor fue impactada por un veh\u00edculo en circunstancias que a\u00fan no han sido esclarecidas.<\/p>\n\n\n\n<p>Hasta el momento, no se ha confirmado si el conductor involucrado permaneci\u00f3 en el lugar o se retir\u00f3 tras el incidente. Las autoridades ser\u00e1n las encargadas de investigar lo sucedido y determinar responsabilidades.<\/p>\n\n\n\n<p>El hecho ha generado consternaci\u00f3n entre los habitantes de la zona, quienes lamentan profundamente la p\u00e9rdida.<\/p>\n\n\n\n<figure class=\"wp-block-gallery has-nested-images columns-default is-cropped wp-block-gallery-2 is-layout-flex wp-block-gallery-is-layout-flex\">\n<figure class=\"wp-block-image size-large\"><img loading=\"lazy\" decoding=\"async\" width=\"600\" height=\"480\" data-id=\"26048\" src=\"https:\/\/elmetidosv.com\/wp-content\/uploads\/2026\/04\/car-wash-1-2.jpg\" alt=\"\" class=\"wp-image-26048\" srcset=\"https:\/\/elmetidosv.com\/wp-content\/uploads\/2026\/04\/car-wash-1-2.jpg 600w, https:\/\/elmetidosv.com\/wp-content\/uploads\/2026\/04\/car-wash-1-2-300x240.jpg 300w\" sizes=\"auto, (max-width: 600px) 100vw, 600px\" \/><\/figure>\n<\/figure>\n","protected":false},"excerpt":{"rendered":"<p>Una adolescente de 14 a\u00f1os falleci\u00f3 tras un accidente de tr\u00e1nsito registrado sobre la carretera Litoral, a la altura del<\/p>\n","protected":false},"author":2,"featured_media":26397,"comment_status":"closed","ping_status":"","sticky":false,"template":"","format":"standard","meta":{"colormag_page_container_layout":"default_layout","colormag_page_sidebar_layout":"default_layout","footnotes":""},"categories":[1],"tags":[261,110,3499,96,7722,1103,7755,259,31,6368,22,1092,60,574,122,963,120],"class_list":["post-26396","post","type-post","status-publish","format-standard","has-post-thumbnail","hentry","category-nacional","tag-accidente","tag-accidente-de-transito","tag-adolescente","tag-autoridades","tag-autoridades-tags-el-salvador","tag-carretera-litoral","tag-chilama","tag-comunidad","tag-el-salvador","tag-fallecida","tag-investigacion","tag-noticias","tag-prevencion","tag-puerto-de-la-libertad","tag-seguridad-vial","tag-suceso","tag-transito"],"_links":{"self":[{"href":"https:\/\/elmetidosv.com\/index.php?rest_route=\/wp\/v2\/posts\/26396","targetHints":{"allow":["GET"]}}],"collection":[{"href":"https:\/\/elmetidosv.com\/index.php?rest_route=\/wp\/v2\/posts"}],"about":[{"href":"https:\/\/elmetidosv.com\/index.php?rest_route=\/wp\/v2\/types\/post"}],"author":[{"embeddable":true,"href":"https:\/\/elmetidosv.com\/index.php?rest_route=\/wp\/v2\/users\/2"}],"replies":[{"embeddable":true,"href":"https:\/\/elmetidosv.com\/index.php?rest_route=%2Fwp%2Fv2%2Fcomments&post=26396"}],"version-history":[{"count":2,"href":"https:\/\/elmetidosv.com\/index.php?rest_route=\/wp\/v2\/posts\/26396\/revisions"}],"predecessor-version":[{"id":26400,"href":"https:\/\/elmetidosv.com\/index.php?rest_route=\/wp\/v2\/posts\/26396\/revisions\/26400"}],"wp:featuredmedia":[{"embeddable":true,"href":"https:\/\/elmetidosv.com\/index.php?rest_route=\/wp\/v2\/media\/26397"}],"wp:attachment":[{"href":"https:\/\/elmetidosv.com\/index.php?rest_route=%2Fwp%2Fv2%2Fmedia&parent=26396"}],"wp:term":[{"taxonomy":"category","embeddable":true,"href":"https:\/\/elmetidosv.com\/index.php?rest_route=%2Fwp%2Fv2%2Fcategories&post=26396"},{"taxonomy":"post_tag","embeddable":true,"href":"https:\/\/elmetidosv.com\/index.php?rest_route=%2Fwp%2Fv2%2Ftags&post=26396"}],"curies":[{"name":"wp","href":"https:\/\/api.w.org\/{rel}","templated":true}]}}