{"id":26393,"date":"2026-04-26T09:20:38","date_gmt":"2026-04-26T15:20:38","guid":{"rendered":"https:\/\/elmetidosv.com\/?p=26393"},"modified":"2026-04-26T09:20:38","modified_gmt":"2026-04-26T15:20:38","slug":"acusado-de-feminicidio-permanecera-en-prision-provisional-en-santa-ana","status":"publish","type":"post","link":"https:\/\/elmetidosv.com\/?p=26393","title":{"rendered":"ACUSADO DE FEMINICIDIO PERMANECER\u00c1 EN PRISI\u00d3N PROVISIONAL EN SANTA ANA"},"content":{"rendered":"\n<p>La Fiscal\u00eda General de la Rep\u00fablica (FGR) inform\u00f3 que Antonio Santos Villanueva continuar\u00e1 en prisi\u00f3n mientras avanza el proceso penal en su contra por el feminicidio de su expareja.<\/p>\n\n\n\n<p>De acuerdo con las investigaciones, la v\u00edctima habr\u00eda enfrentado un ciclo constante de violencia. El hecho ocurri\u00f3 en abril de este a\u00f1o en Santa Ana, cuando el imputado ingres\u00f3 a la vivienda de la mujer y, tras una discusi\u00f3n, la atac\u00f3, provoc\u00e1ndole la muerte.<\/p>\n\n\n\n<p>Tras el hecho, el acusado huy\u00f3 del lugar e intent\u00f3 evadir a las autoridades, ocultando su veh\u00edculo y saliendo del pa\u00eds. Sin embargo, fue capturado por la Polic\u00eda Nacional Civil (PNC) cuando intentaba cruzar hacia Guatemala.<\/p>\n\n\n\n<p>La FGR se\u00f1al\u00f3 que la detenci\u00f3n y la medida de prisi\u00f3n provisional responden a la gravedad del delito y a los elementos de prueba presentados durante la etapa inicial del proceso.<\/p>\n\n\n\n<p>El caso contin\u00faa en desarrollo mientras las autoridades judiciales avanzan en las siguientes fases del procedimiento.<\/p>\n\n\n\n<figure class=\"wp-block-gallery has-nested-images columns-default is-cropped wp-block-gallery-1 is-layout-flex wp-block-gallery-is-layout-flex\">\n<figure class=\"wp-block-image size-large\"><img loading=\"lazy\" decoding=\"async\" width=\"1024\" height=\"1024\" data-id=\"23574\" src=\"https:\/\/elmetidosv.com\/wp-content\/uploads\/2026\/02\/santeins-2-bueno.jpeg\" alt=\"\" class=\"wp-image-23574\" srcset=\"https:\/\/elmetidosv.com\/wp-content\/uploads\/2026\/02\/santeins-2-bueno.jpeg 1024w, https:\/\/elmetidosv.com\/wp-content\/uploads\/2026\/02\/santeins-2-bueno-300x300.jpeg 300w, https:\/\/elmetidosv.com\/wp-content\/uploads\/2026\/02\/santeins-2-bueno-150x150.jpeg 150w, https:\/\/elmetidosv.com\/wp-content\/uploads\/2026\/02\/santeins-2-bueno-768x768.jpeg 768w\" sizes=\"auto, (max-width: 1024px) 100vw, 1024px\" \/><\/figure>\n<\/figure>\n","protected":false},"excerpt":{"rendered":"<p>La Fiscal\u00eda General de la Rep\u00fablica (FGR) inform\u00f3 que Antonio Santos Villanueva continuar\u00e1 en prisi\u00f3n mientras avanza el proceso penal<\/p>\n","protected":false},"author":2,"featured_media":26394,"comment_status":"closed","ping_status":"","sticky":false,"template":"","format":"standard","meta":{"colormag_page_container_layout":"default_layout","colormag_page_sidebar_layout":"default_layout","footnotes":""},"categories":[1],"tags":[96,168,31,174,363,167,82,7543,6485,1092,85,4089,2487,354,33,93,216],"class_list":["post-26393","post","type-post","status-publish","format-standard","has-post-thumbnail","hentry","category-nacional","tag-autoridades","tag-captura","tag-el-salvador","tag-feminicidio","tag-fgr","tag-guatemala","tag-justicia","tag-justicia-tags-el-salvador","tag-legal","tag-noticias","tag-pnc","tag-prision","tag-prision-provisional","tag-proceso-penal","tag-santa-ana","tag-seguridad","tag-violencia"],"_links":{"self":[{"href":"https:\/\/elmetidosv.com\/index.php?rest_route=\/wp\/v2\/posts\/26393","targetHints":{"allow":["GET"]}}],"collection":[{"href":"https:\/\/elmetidosv.com\/index.php?rest_route=\/wp\/v2\/posts"}],"about":[{"href":"https:\/\/elmetidosv.com\/index.php?rest_route=\/wp\/v2\/types\/post"}],"author":[{"embeddable":true,"href":"https:\/\/elmetidosv.com\/index.php?rest_route=\/wp\/v2\/users\/2"}],"replies":[{"embeddable":true,"href":"https:\/\/elmetidosv.com\/index.php?rest_route=%2Fwp%2Fv2%2Fcomments&post=26393"}],"version-history":[{"count":1,"href":"https:\/\/elmetidosv.com\/index.php?rest_route=\/wp\/v2\/posts\/26393\/revisions"}],"predecessor-version":[{"id":26395,"href":"https:\/\/elmetidosv.com\/index.php?rest_route=\/wp\/v2\/posts\/26393\/revisions\/26395"}],"wp:featuredmedia":[{"embeddable":true,"href":"https:\/\/elmetidosv.com\/index.php?rest_route=\/wp\/v2\/media\/26394"}],"wp:attachment":[{"href":"https:\/\/elmetidosv.com\/index.php?rest_route=%2Fwp%2Fv2%2Fmedia&parent=26393"}],"wp:term":[{"taxonomy":"category","embeddable":true,"href":"https:\/\/elmetidosv.com\/index.php?rest_route=%2Fwp%2Fv2%2Fcategories&post=26393"},{"taxonomy":"post_tag","embeddable":true,"href":"https:\/\/elmetidosv.com\/index.php?rest_route=%2Fwp%2Fv2%2Ftags&post=26393"}],"curies":[{"name":"wp","href":"https:\/\/api.w.org\/{rel}","templated":true}]}}