{"id":26387,"date":"2026-04-25T15:16:39","date_gmt":"2026-04-25T21:16:39","guid":{"rendered":"https:\/\/elmetidosv.com\/?p=26387"},"modified":"2026-04-25T15:16:39","modified_gmt":"2026-04-25T21:16:39","slug":"un-adulto-mayor-fallecio-al-interior-del-mercado-municipal-de-san-vicente","status":"publish","type":"post","link":"https:\/\/elmetidosv.com\/?p=26387","title":{"rendered":"UN ADULTO MAYOR FALLECI\u00d3 AL INTERIOR DEL MERCADO MUNICIPAL DE SAN VICENTE"},"content":{"rendered":"\n<figure class=\"wp-block-gallery has-nested-images columns-default is-cropped wp-block-gallery-1 is-layout-flex wp-block-gallery-is-layout-flex\">\n<figure class=\"wp-block-image size-large\"><img loading=\"lazy\" decoding=\"async\" width=\"450\" height=\"304\" data-id=\"26389\" src=\"https:\/\/elmetidosv.com\/wp-content\/uploads\/2026\/04\/mercado-3.png\" alt=\"\" class=\"wp-image-26389\" srcset=\"https:\/\/elmetidosv.com\/wp-content\/uploads\/2026\/04\/mercado-3.png 450w, https:\/\/elmetidosv.com\/wp-content\/uploads\/2026\/04\/mercado-3-300x203.png 300w\" sizes=\"auto, (max-width: 450px) 100vw, 450px\" \/><\/figure>\n<\/figure>\n\n\n\n<p>Un adulto mayor falleci\u00f3 al interior del mercado municipal de San Vicente, presuntamente a causa de un infarto, seg\u00fan informaci\u00f3n preliminar.<\/p>\n\n\n\n<p>El hecho gener\u00f3 alarma entre comerciantes y visitantes del lugar, quienes alertaron a las autoridades tras percatarse de la situaci\u00f3n.<\/p>\n\n\n\n<p>Elementos de la Polic\u00eda Nacional Civil (PNC) acudieron al sitio y acordonaron el \u00e1rea mientras se realizaba el procedimiento correspondiente.<\/p>\n\n\n\n<p>Hasta el momento, la identidad de la v\u00edctima no ha sido confirmada, y ser\u00e1n las autoridades las encargadas de determinar oficialmente la causa del fallecimiento.<\/p>\n\n\n\n<figure class=\"wp-block-gallery has-nested-images columns-default is-cropped wp-block-gallery-2 is-layout-flex wp-block-gallery-is-layout-flex\">\n<figure class=\"wp-block-image size-large\"><img loading=\"lazy\" decoding=\"async\" width=\"600\" height=\"480\" data-id=\"25731\" src=\"https:\/\/elmetidosv.com\/wp-content\/uploads\/2026\/04\/car-wash-1-1.jpg\" alt=\"\" class=\"wp-image-25731\" srcset=\"https:\/\/elmetidosv.com\/wp-content\/uploads\/2026\/04\/car-wash-1-1.jpg 600w, https:\/\/elmetidosv.com\/wp-content\/uploads\/2026\/04\/car-wash-1-1-300x240.jpg 300w\" sizes=\"auto, (max-width: 600px) 100vw, 600px\" \/><\/figure>\n<\/figure>\n","protected":false},"excerpt":{"rendered":"<p>Un adulto mayor falleci\u00f3 al interior del mercado municipal de San Vicente, presuntamente a causa de un infarto, seg\u00fan informaci\u00f3n<\/p>\n","protected":false},"author":2,"featured_media":26388,"comment_status":"closed","ping_status":"","sticky":false,"template":"","format":"standard","meta":{"colormag_page_container_layout":"default_layout","colormag_page_sidebar_layout":"default_layout","footnotes":""},"categories":[1],"tags":[385,96,259,31,330,380,6035,22,2183,7671,7753,1092,85,7754,887,597,963],"class_list":["post-26387","post","type-post","status-publish","format-standard","has-post-thumbnail","hentry","category-nacional","tag-adulto-mayor","tag-autoridades","tag-comunidad","tag-el-salvador","tag-emergencia","tag-fallecido","tag-infarto","tag-investigacion","tag-investigacion-tags-el-salvador","tag-mercado","tag-mercado-municipal","tag-noticias","tag-pnc","tag-procedimiento","tag-salud","tag-san-vicente","tag-suceso"],"_links":{"self":[{"href":"https:\/\/elmetidosv.com\/index.php?rest_route=\/wp\/v2\/posts\/26387","targetHints":{"allow":["GET"]}}],"collection":[{"href":"https:\/\/elmetidosv.com\/index.php?rest_route=\/wp\/v2\/posts"}],"about":[{"href":"https:\/\/elmetidosv.com\/index.php?rest_route=\/wp\/v2\/types\/post"}],"author":[{"embeddable":true,"href":"https:\/\/elmetidosv.com\/index.php?rest_route=\/wp\/v2\/users\/2"}],"replies":[{"embeddable":true,"href":"https:\/\/elmetidosv.com\/index.php?rest_route=%2Fwp%2Fv2%2Fcomments&post=26387"}],"version-history":[{"count":1,"href":"https:\/\/elmetidosv.com\/index.php?rest_route=\/wp\/v2\/posts\/26387\/revisions"}],"predecessor-version":[{"id":26390,"href":"https:\/\/elmetidosv.com\/index.php?rest_route=\/wp\/v2\/posts\/26387\/revisions\/26390"}],"wp:featuredmedia":[{"embeddable":true,"href":"https:\/\/elmetidosv.com\/index.php?rest_route=\/wp\/v2\/media\/26388"}],"wp:attachment":[{"href":"https:\/\/elmetidosv.com\/index.php?rest_route=%2Fwp%2Fv2%2Fmedia&parent=26387"}],"wp:term":[{"taxonomy":"category","embeddable":true,"href":"https:\/\/elmetidosv.com\/index.php?rest_route=%2Fwp%2Fv2%2Fcategories&post=26387"},{"taxonomy":"post_tag","embeddable":true,"href":"https:\/\/elmetidosv.com\/index.php?rest_route=%2Fwp%2Fv2%2Ftags&post=26387"}],"curies":[{"name":"wp","href":"https:\/\/api.w.org\/{rel}","templated":true}]}}