{"id":26379,"date":"2026-04-25T14:54:44","date_gmt":"2026-04-25T20:54:44","guid":{"rendered":"https:\/\/elmetidosv.com\/?p=26379"},"modified":"2026-04-25T14:54:44","modified_gmt":"2026-04-25T20:54:44","slug":"autoridades-de-ee-uu-localizaron-a-22-personas-en-condiciones-de-riesgo-dentro-de-un-vehiculo-en-texas","status":"publish","type":"post","link":"https:\/\/elmetidosv.com\/?p=26379","title":{"rendered":"AUTORIDADES DE EE. UU. LOCALIZARON A 22 PERSONAS EN CONDICIONES DE RIESGO DENTRO DE UN VEH\u00cdCULO EN TEXAS"},"content":{"rendered":"\n<figure class=\"wp-block-gallery has-nested-images columns-default is-cropped wp-block-gallery-1 is-layout-flex wp-block-gallery-is-layout-flex\">\n<figure class=\"wp-block-image size-large\"><img loading=\"lazy\" decoding=\"async\" width=\"940\" height=\"788\" data-id=\"26381\" src=\"https:\/\/elmetidosv.com\/wp-content\/uploads\/2026\/04\/ILEGALES-2.jpg\" alt=\"\" class=\"wp-image-26381\" srcset=\"https:\/\/elmetidosv.com\/wp-content\/uploads\/2026\/04\/ILEGALES-2.jpg 940w, https:\/\/elmetidosv.com\/wp-content\/uploads\/2026\/04\/ILEGALES-2-300x251.jpg 300w, https:\/\/elmetidosv.com\/wp-content\/uploads\/2026\/04\/ILEGALES-2-768x644.jpg 768w\" sizes=\"auto, (max-width: 940px) 100vw, 940px\" \/><\/figure>\n<\/figure>\n\n\n\n<p>Autoridades de Estados Unidos informaron sobre la localizaci\u00f3n de 22 personas dentro de la cabina de descanso de un veh\u00edculo, en un operativo realizado en la ciudad de Laredo.<\/p>\n\n\n\n<p>El procedimiento fue ejecutado por agentes federales en coordinaci\u00f3n con la polic\u00eda local sobre la Carretera 35, donde se intercept\u00f3 al conductor del automotor, identificado como ciudadano estadounidense, quien enfrenta cargos relacionados con el traslado irregular de personas.<\/p>\n\n\n\n<p>De acuerdo con el reporte, en el interior del compartimento fueron encontradas 22 personas, entre ellas dos menores de edad que viajaban sin acompa\u00f1ante. Las autoridades detallaron que 19 de los ocupantes son originarios de M\u00e9xico y uno de Guatemala.<\/p>\n\n\n\n<p>Las instituciones se\u00f1alaron que las personas eran transportadas en condiciones de hacinamiento, lo que representaba riesgos para su integridad.<\/p>\n\n\n\n<p>El caso forma parte de las acciones de control y combate a redes dedicadas al tr\u00e1fico il\u00edcito de personas en la regi\u00f3n. Las autoridades reiteraron que continuar\u00e1n con operativos para identificar y procesar a los responsables conforme a la ley.<\/p>\n\n\n\n<figure class=\"wp-block-gallery has-nested-images columns-default is-cropped wp-block-gallery-2 is-layout-flex wp-block-gallery-is-layout-flex\">\n<figure class=\"wp-block-image size-large\"><img loading=\"lazy\" decoding=\"async\" width=\"600\" height=\"480\" data-id=\"26048\" src=\"https:\/\/elmetidosv.com\/wp-content\/uploads\/2026\/04\/car-wash-1-2.jpg\" alt=\"\" class=\"wp-image-26048\" srcset=\"https:\/\/elmetidosv.com\/wp-content\/uploads\/2026\/04\/car-wash-1-2.jpg 600w, https:\/\/elmetidosv.com\/wp-content\/uploads\/2026\/04\/car-wash-1-2-300x240.jpg 300w\" sizes=\"auto, (max-width: 600px) 100vw, 600px\" \/><\/figure>\n<\/figure>\n","protected":false},"excerpt":{"rendered":"<p>Autoridades de Estados Unidos informaron sobre la localizaci\u00f3n de 22 personas dentro de la cabina de descanso de un veh\u00edculo,<\/p>\n","protected":false},"author":2,"featured_media":26380,"comment_status":"closed","ping_status":"","sticky":false,"template":"","format":"standard","meta":{"colormag_page_container_layout":"default_layout","colormag_page_sidebar_layout":"default_layout","footnotes":""},"categories":[3],"tags":[96,667,19,1198,2680,22,7677,82,7750,6064,26,1092,3411,93,1524,2583,3458],"class_list":["post-26379","post","type-post","status-publish","format-standard","has-post-thumbnail","hentry","category-internacional","tag-autoridades","tag-detencion","tag-estados-unidos","tag-frontera","tag-internacional","tag-investigacion","tag-investigacion-tags-estados-unidos","tag-justicia","tag-laredo","tag-menores","tag-migracion","tag-noticias","tag-operativo","tag-seguridad","tag-texas","tag-trafico-de-personas","tag-vehiculo"],"_links":{"self":[{"href":"https:\/\/elmetidosv.com\/index.php?rest_route=\/wp\/v2\/posts\/26379","targetHints":{"allow":["GET"]}}],"collection":[{"href":"https:\/\/elmetidosv.com\/index.php?rest_route=\/wp\/v2\/posts"}],"about":[{"href":"https:\/\/elmetidosv.com\/index.php?rest_route=\/wp\/v2\/types\/post"}],"author":[{"embeddable":true,"href":"https:\/\/elmetidosv.com\/index.php?rest_route=\/wp\/v2\/users\/2"}],"replies":[{"embeddable":true,"href":"https:\/\/elmetidosv.com\/index.php?rest_route=%2Fwp%2Fv2%2Fcomments&post=26379"}],"version-history":[{"count":1,"href":"https:\/\/elmetidosv.com\/index.php?rest_route=\/wp\/v2\/posts\/26379\/revisions"}],"predecessor-version":[{"id":26382,"href":"https:\/\/elmetidosv.com\/index.php?rest_route=\/wp\/v2\/posts\/26379\/revisions\/26382"}],"wp:featuredmedia":[{"embeddable":true,"href":"https:\/\/elmetidosv.com\/index.php?rest_route=\/wp\/v2\/media\/26380"}],"wp:attachment":[{"href":"https:\/\/elmetidosv.com\/index.php?rest_route=%2Fwp%2Fv2%2Fmedia&parent=26379"}],"wp:term":[{"taxonomy":"category","embeddable":true,"href":"https:\/\/elmetidosv.com\/index.php?rest_route=%2Fwp%2Fv2%2Fcategories&post=26379"},{"taxonomy":"post_tag","embeddable":true,"href":"https:\/\/elmetidosv.com\/index.php?rest_route=%2Fwp%2Fv2%2Ftags&post=26379"}],"curies":[{"name":"wp","href":"https:\/\/api.w.org\/{rel}","templated":true}]}}