{"id":26376,"date":"2026-04-25T14:37:06","date_gmt":"2026-04-25T20:37:06","guid":{"rendered":"https:\/\/elmetidosv.com\/?p=26376"},"modified":"2026-04-25T15:22:22","modified_gmt":"2026-04-25T21:22:22","slug":"accidente-de-transito-en-carretera-a-jayaque-deja-dos-personas-lesionadas","status":"publish","type":"post","link":"https:\/\/elmetidosv.com\/?p=26376","title":{"rendered":"ACCIDENTE DE TR\u00c1NSITO EN CARRETERA A JAYAQUE DEJA DOS PERSONAS LESIONADAS"},"content":{"rendered":"\n<figure class=\"wp-block-gallery has-nested-images columns-default is-cropped wp-block-gallery-1 is-layout-flex wp-block-gallery-is-layout-flex\">\n<figure class=\"wp-block-image size-large\"><img loading=\"lazy\" decoding=\"async\" width=\"576\" height=\"1024\" data-id=\"26391\" src=\"https:\/\/elmetidosv.com\/wp-content\/uploads\/2026\/04\/jayaque-2-576x1024.jpg\" alt=\"\" class=\"wp-image-26391\" srcset=\"https:\/\/elmetidosv.com\/wp-content\/uploads\/2026\/04\/jayaque-2-576x1024.jpg 576w, https:\/\/elmetidosv.com\/wp-content\/uploads\/2026\/04\/jayaque-2-169x300.jpg 169w, https:\/\/elmetidosv.com\/wp-content\/uploads\/2026\/04\/jayaque-2-768x1365.jpg 768w, https:\/\/elmetidosv.com\/wp-content\/uploads\/2026\/04\/jayaque-2-864x1536.jpg 864w, https:\/\/elmetidosv.com\/wp-content\/uploads\/2026\/04\/jayaque-2.jpg 900w\" sizes=\"auto, (max-width: 576px) 100vw, 576px\" \/><\/figure>\n<\/figure>\n\n\n\n<p>Un accidente de tr\u00e1nsito se registr\u00f3 en las \u00faltimas horas sobre la carretera que conduce hacia Jayaque, en el departamento de La Libertad, dejando como resultado dos personas lesionadas.<\/p>\n\n\n\n<p>De acuerdo con informaci\u00f3n preliminar, un veh\u00edculo tipo pick up colision\u00f3 contra una motocicleta. Versiones iniciales indican que los ocupantes de la motocicleta habr\u00edan intentado sobrepasar en una curva, lo que pudo haber originado el impacto.<\/p>\n\n\n\n<p>Equipos de emergencia acudieron al lugar para brindar atenci\u00f3n a los heridos, quienes posteriormente fueron trasladados a un centro asistencial para recibir atenci\u00f3n m\u00e9dica.<\/p>\n\n\n\n<p>Las autoridades reiteraron el llamado a respetar las normas de tr\u00e1nsito y conducir con precauci\u00f3n, especialmente en zonas de riesgo como curvas y tramos de visibilidad reducida.<\/p>\n\n\n\n<figure class=\"wp-block-gallery has-nested-images columns-default is-cropped wp-block-gallery-2 is-layout-flex wp-block-gallery-is-layout-flex\">\n<figure class=\"wp-block-image size-large\"><img loading=\"lazy\" decoding=\"async\" width=\"600\" height=\"480\" data-id=\"26048\" src=\"https:\/\/elmetidosv.com\/wp-content\/uploads\/2026\/04\/car-wash-1-2.jpg\" alt=\"\" class=\"wp-image-26048\" srcset=\"https:\/\/elmetidosv.com\/wp-content\/uploads\/2026\/04\/car-wash-1-2.jpg 600w, https:\/\/elmetidosv.com\/wp-content\/uploads\/2026\/04\/car-wash-1-2-300x240.jpg 300w\" sizes=\"auto, (max-width: 600px) 100vw, 600px\" \/><\/figure>\n<\/figure>\n","protected":false},"excerpt":{"rendered":"<p>Un accidente de tr\u00e1nsito se registr\u00f3 en las \u00faltimas horas sobre la carretera que conduce hacia Jayaque, en el departamento<\/p>\n","protected":false},"author":2,"featured_media":26377,"comment_status":"closed","ping_status":"closed","sticky":false,"template":"","format":"standard","meta":{"colormag_page_container_layout":"default_layout","colormag_page_sidebar_layout":"default_layout","footnotes":""},"categories":[1],"tags":[261,110,96,7722,1571,5647,31,330,7341,115,860,1064,1092,1506,60,122,120],"class_list":["post-26376","post","type-post","status-publish","format-standard","has-post-thumbnail","hentry","category-nacional","tag-accidente","tag-accidente-de-transito","tag-autoridades","tag-autoridades-tags-el-salvador","tag-carretera","tag-conductores","tag-el-salvador","tag-emergencia","tag-jayaque","tag-la-libertad","tag-lesionados","tag-motocicleta","tag-noticias","tag-pickup","tag-prevencion","tag-seguridad-vial","tag-transito"],"_links":{"self":[{"href":"https:\/\/elmetidosv.com\/index.php?rest_route=\/wp\/v2\/posts\/26376","targetHints":{"allow":["GET"]}}],"collection":[{"href":"https:\/\/elmetidosv.com\/index.php?rest_route=\/wp\/v2\/posts"}],"about":[{"href":"https:\/\/elmetidosv.com\/index.php?rest_route=\/wp\/v2\/types\/post"}],"author":[{"embeddable":true,"href":"https:\/\/elmetidosv.com\/index.php?rest_route=\/wp\/v2\/users\/2"}],"replies":[{"embeddable":true,"href":"https:\/\/elmetidosv.com\/index.php?rest_route=%2Fwp%2Fv2%2Fcomments&post=26376"}],"version-history":[{"count":2,"href":"https:\/\/elmetidosv.com\/index.php?rest_route=\/wp\/v2\/posts\/26376\/revisions"}],"predecessor-version":[{"id":26392,"href":"https:\/\/elmetidosv.com\/index.php?rest_route=\/wp\/v2\/posts\/26376\/revisions\/26392"}],"wp:featuredmedia":[{"embeddable":true,"href":"https:\/\/elmetidosv.com\/index.php?rest_route=\/wp\/v2\/media\/26377"}],"wp:attachment":[{"href":"https:\/\/elmetidosv.com\/index.php?rest_route=%2Fwp%2Fv2%2Fmedia&parent=26376"}],"wp:term":[{"taxonomy":"category","embeddable":true,"href":"https:\/\/elmetidosv.com\/index.php?rest_route=%2Fwp%2Fv2%2Fcategories&post=26376"},{"taxonomy":"post_tag","embeddable":true,"href":"https:\/\/elmetidosv.com\/index.php?rest_route=%2Fwp%2Fv2%2Ftags&post=26376"}],"curies":[{"name":"wp","href":"https:\/\/api.w.org\/{rel}","templated":true}]}}