{"id":26372,"date":"2026-04-25T13:57:30","date_gmt":"2026-04-25T19:57:30","guid":{"rendered":"https:\/\/elmetidosv.com\/?p=26372"},"modified":"2026-04-25T13:57:30","modified_gmt":"2026-04-25T19:57:30","slug":"rastra-vuelca-en-carretera-panamericana-en-quebrada-seca-san-vicente","status":"publish","type":"post","link":"https:\/\/elmetidosv.com\/?p=26372","title":{"rendered":"RASTRA VUELCA EN CARRETERA PANAMERICANA EN QUEBRADA SECA, SAN VICENTE"},"content":{"rendered":"\n<figure class=\"wp-block-gallery has-nested-images columns-default is-cropped wp-block-gallery-1 is-layout-flex wp-block-gallery-is-layout-flex\">\n<figure class=\"wp-block-image size-large\"><img loading=\"lazy\" decoding=\"async\" width=\"1024\" height=\"759\" data-id=\"26374\" src=\"https:\/\/elmetidosv.com\/wp-content\/uploads\/2026\/04\/rastra-2-1-1024x759.jpg\" alt=\"\" class=\"wp-image-26374\" srcset=\"https:\/\/elmetidosv.com\/wp-content\/uploads\/2026\/04\/rastra-2-1-1024x759.jpg 1024w, https:\/\/elmetidosv.com\/wp-content\/uploads\/2026\/04\/rastra-2-1-300x222.jpg 300w, https:\/\/elmetidosv.com\/wp-content\/uploads\/2026\/04\/rastra-2-1-768x569.jpg 768w, https:\/\/elmetidosv.com\/wp-content\/uploads\/2026\/04\/rastra-2-1.jpg 1250w\" sizes=\"auto, (max-width: 1024px) 100vw, 1024px\" \/><\/figure>\n<\/figure>\n\n\n\n<p>Un accidente de tr\u00e1nsito se registr\u00f3 sobre la carretera Panamericana, a la altura del sector conocido como Quebrada Seca, en el departamento de San Vicente, donde una rastra volc\u00f3 sobre la v\u00eda.<br>De acuerdo con reportes preliminares, el incidente ha generado afectaciones en la circulaci\u00f3n vehicular en la zona, mientras equipos de emergencia y autoridades se desplazan al lugar para atender la situaci\u00f3n.<br>Hasta el momento, no se ha confirmado si hay personas lesionadas ni las causas que originaron el percance.<br>Las autoridades recomiendan a los conductores transitar con precauci\u00f3n y atender las indicaciones del personal que se encuentra regulando el tr\u00e1fico en el sector.<\/p>\n\n\n\n<figure class=\"wp-block-gallery has-nested-images columns-default is-cropped wp-block-gallery-2 is-layout-flex wp-block-gallery-is-layout-flex\">\n<figure class=\"wp-block-image size-large\"><img loading=\"lazy\" decoding=\"async\" width=\"1024\" height=\"1024\" data-id=\"23574\" src=\"https:\/\/elmetidosv.com\/wp-content\/uploads\/2026\/02\/santeins-2-bueno.jpeg\" alt=\"\" class=\"wp-image-23574\" srcset=\"https:\/\/elmetidosv.com\/wp-content\/uploads\/2026\/02\/santeins-2-bueno.jpeg 1024w, https:\/\/elmetidosv.com\/wp-content\/uploads\/2026\/02\/santeins-2-bueno-300x300.jpeg 300w, https:\/\/elmetidosv.com\/wp-content\/uploads\/2026\/02\/santeins-2-bueno-150x150.jpeg 150w, https:\/\/elmetidosv.com\/wp-content\/uploads\/2026\/02\/santeins-2-bueno-768x768.jpeg 768w\" sizes=\"auto, (max-width: 1024px) 100vw, 1024px\" \/><\/figure>\n<\/figure>\n","protected":false},"excerpt":{"rendered":"<p>Un accidente de tr\u00e1nsito se registr\u00f3 sobre la carretera Panamericana, a la altura del sector conocido como Quebrada Seca, en<\/p>\n","protected":false},"author":2,"featured_media":26373,"comment_status":"closed","ping_status":"","sticky":false,"template":"","format":"standard","meta":{"colormag_page_container_layout":"default_layout","colormag_page_sidebar_layout":"default_layout","footnotes":""},"categories":[1],"tags":[261,110,96,7722,111,5647,31,330,3234,1092,60,7749,414,1972,597,122,831,120],"class_list":["post-26372","post","type-post","status-publish","format-standard","has-post-thumbnail","hentry","category-nacional","tag-accidente","tag-accidente-de-transito","tag-autoridades","tag-autoridades-tags-el-salvador","tag-carretera-panamericana","tag-conductores","tag-el-salvador","tag-emergencia","tag-incidente","tag-noticias","tag-prevencion","tag-quebrada-seca","tag-rastra","tag-rastra-volcada","tag-san-vicente","tag-seguridad-vial","tag-trafico","tag-transito"],"_links":{"self":[{"href":"https:\/\/elmetidosv.com\/index.php?rest_route=\/wp\/v2\/posts\/26372","targetHints":{"allow":["GET"]}}],"collection":[{"href":"https:\/\/elmetidosv.com\/index.php?rest_route=\/wp\/v2\/posts"}],"about":[{"href":"https:\/\/elmetidosv.com\/index.php?rest_route=\/wp\/v2\/types\/post"}],"author":[{"embeddable":true,"href":"https:\/\/elmetidosv.com\/index.php?rest_route=\/wp\/v2\/users\/2"}],"replies":[{"embeddable":true,"href":"https:\/\/elmetidosv.com\/index.php?rest_route=%2Fwp%2Fv2%2Fcomments&post=26372"}],"version-history":[{"count":1,"href":"https:\/\/elmetidosv.com\/index.php?rest_route=\/wp\/v2\/posts\/26372\/revisions"}],"predecessor-version":[{"id":26375,"href":"https:\/\/elmetidosv.com\/index.php?rest_route=\/wp\/v2\/posts\/26372\/revisions\/26375"}],"wp:featuredmedia":[{"embeddable":true,"href":"https:\/\/elmetidosv.com\/index.php?rest_route=\/wp\/v2\/media\/26373"}],"wp:attachment":[{"href":"https:\/\/elmetidosv.com\/index.php?rest_route=%2Fwp%2Fv2%2Fmedia&parent=26372"}],"wp:term":[{"taxonomy":"category","embeddable":true,"href":"https:\/\/elmetidosv.com\/index.php?rest_route=%2Fwp%2Fv2%2Fcategories&post=26372"},{"taxonomy":"post_tag","embeddable":true,"href":"https:\/\/elmetidosv.com\/index.php?rest_route=%2Fwp%2Fv2%2Ftags&post=26372"}],"curies":[{"name":"wp","href":"https:\/\/api.w.org\/{rel}","templated":true}]}}