{"id":26367,"date":"2026-04-25T13:28:31","date_gmt":"2026-04-25T19:28:31","guid":{"rendered":"https:\/\/elmetidosv.com\/?p=26367"},"modified":"2026-04-25T13:28:31","modified_gmt":"2026-04-25T19:28:31","slug":"santa-ana-un-accidente-de-transito-en-carretera-panamericana-dejo-un-fallecido-y-tres-lesionados","status":"publish","type":"post","link":"https:\/\/elmetidosv.com\/?p=26367","title":{"rendered":"SANTA ANA; UN ACCIDENTE DE TR\u00c1NSITO EN CARRETERA PANAMERICANA DEJ\u00d3 UN FALLECIDO Y TRES LESIONADOS"},"content":{"rendered":"\n<figure class=\"wp-block-gallery has-nested-images columns-default is-cropped wp-block-gallery-1 is-layout-flex wp-block-gallery-is-layout-flex\">\n<figure class=\"wp-block-image size-large\"><img loading=\"lazy\" decoding=\"async\" width=\"590\" height=\"332\" data-id=\"26369\" src=\"https:\/\/elmetidosv.com\/wp-content\/uploads\/2026\/04\/MUERTO-2-2.jpg\" alt=\"\" class=\"wp-image-26369\" srcset=\"https:\/\/elmetidosv.com\/wp-content\/uploads\/2026\/04\/MUERTO-2-2.jpg 590w, https:\/\/elmetidosv.com\/wp-content\/uploads\/2026\/04\/MUERTO-2-2-300x169.jpg 300w\" sizes=\"auto, (max-width: 590px) 100vw, 590px\" \/><\/figure>\n<\/figure>\n\n\n\n<p>Un accidente de tr\u00e1nsito se registr\u00f3 sobre la carretera Panamericana, en el tramo que conduce hacia Santa Ana, a la altura del caser\u00edo La Granja, antes de llegar al sector del expeaje, en el municipio de Santa Ana.<\/p>\n\n\n\n<p>De acuerdo con informaci\u00f3n preliminar, el percance dej\u00f3 como resultado una persona fallecida y tres m\u00e1s lesionadas.<\/p>\n\n\n\n<p>Equipos de emergencia y autoridades se hicieron presentes en la zona para brindar atenci\u00f3n a las v\u00edctimas y realizar las inspecciones correspondientes.<\/p>\n\n\n\n<figure class=\"wp-block-gallery has-nested-images columns-default is-cropped wp-block-gallery-2 is-layout-flex wp-block-gallery-is-layout-flex\">\n<figure class=\"wp-block-image size-large\"><img loading=\"lazy\" decoding=\"async\" width=\"1024\" height=\"576\" data-id=\"26370\" src=\"https:\/\/elmetidosv.com\/wp-content\/uploads\/2026\/04\/MUERTO-3-1024x576.jpg\" alt=\"\" class=\"wp-image-26370\" srcset=\"https:\/\/elmetidosv.com\/wp-content\/uploads\/2026\/04\/MUERTO-3-1024x576.jpg 1024w, https:\/\/elmetidosv.com\/wp-content\/uploads\/2026\/04\/MUERTO-3-300x169.jpg 300w, https:\/\/elmetidosv.com\/wp-content\/uploads\/2026\/04\/MUERTO-3-768x432.jpg 768w, https:\/\/elmetidosv.com\/wp-content\/uploads\/2026\/04\/MUERTO-3.jpg 1280w\" sizes=\"auto, (max-width: 1024px) 100vw, 1024px\" \/><\/figure>\n<\/figure>\n\n\n\n<p>Hasta el momento, no se han detallado las causas del accidente, por lo que ser\u00e1n las investigaciones oficiales las que determinen las circunstancias en que ocurri\u00f3 el hecho.<\/p>\n\n\n\n<p>Las autoridades reiteran el llamado a los conductores a mantener la precauci\u00f3n y respetar las normas de tr\u00e1nsito en carreteras de alto flujo vehicular.<\/p>\n\n\n\n<figure class=\"wp-block-gallery has-nested-images columns-default is-cropped wp-block-gallery-3 is-layout-flex wp-block-gallery-is-layout-flex\">\n<figure class=\"wp-block-image size-large\"><img loading=\"lazy\" decoding=\"async\" width=\"600\" height=\"480\" data-id=\"26048\" src=\"https:\/\/elmetidosv.com\/wp-content\/uploads\/2026\/04\/car-wash-1-2.jpg\" alt=\"\" class=\"wp-image-26048\" srcset=\"https:\/\/elmetidosv.com\/wp-content\/uploads\/2026\/04\/car-wash-1-2.jpg 600w, https:\/\/elmetidosv.com\/wp-content\/uploads\/2026\/04\/car-wash-1-2-300x240.jpg 300w\" sizes=\"auto, (max-width: 600px) 100vw, 600px\" \/><\/figure>\n<\/figure>\n","protected":false},"excerpt":{"rendered":"<p>Un accidente de tr\u00e1nsito se registr\u00f3 sobre la carretera Panamericana, en el tramo que conduce hacia Santa Ana, a la<\/p>\n","protected":false},"author":2,"featured_media":26368,"comment_status":"closed","ping_status":"","sticky":false,"template":"","format":"standard","meta":{"colormag_page_container_layout":"default_layout","colormag_page_sidebar_layout":"default_layout","footnotes":""},"categories":[1],"tags":[261,110,96,111,5647,31,330,380,3234,860,1092,60,33,122,831,7748,120],"class_list":["post-26367","post","type-post","status-publish","format-standard","has-post-thumbnail","hentry","category-nacional","tag-accidente","tag-accidente-de-transito","tag-autoridades","tag-carretera-panamericana","tag-conductores","tag-el-salvador","tag-emergencia","tag-fallecido","tag-incidente","tag-lesionados","tag-noticias","tag-prevencion","tag-santa-ana","tag-seguridad-vial","tag-trafico","tag-trafico-tags-el-salvador","tag-transito"],"_links":{"self":[{"href":"https:\/\/elmetidosv.com\/index.php?rest_route=\/wp\/v2\/posts\/26367","targetHints":{"allow":["GET"]}}],"collection":[{"href":"https:\/\/elmetidosv.com\/index.php?rest_route=\/wp\/v2\/posts"}],"about":[{"href":"https:\/\/elmetidosv.com\/index.php?rest_route=\/wp\/v2\/types\/post"}],"author":[{"embeddable":true,"href":"https:\/\/elmetidosv.com\/index.php?rest_route=\/wp\/v2\/users\/2"}],"replies":[{"embeddable":true,"href":"https:\/\/elmetidosv.com\/index.php?rest_route=%2Fwp%2Fv2%2Fcomments&post=26367"}],"version-history":[{"count":1,"href":"https:\/\/elmetidosv.com\/index.php?rest_route=\/wp\/v2\/posts\/26367\/revisions"}],"predecessor-version":[{"id":26371,"href":"https:\/\/elmetidosv.com\/index.php?rest_route=\/wp\/v2\/posts\/26367\/revisions\/26371"}],"wp:featuredmedia":[{"embeddable":true,"href":"https:\/\/elmetidosv.com\/index.php?rest_route=\/wp\/v2\/media\/26368"}],"wp:attachment":[{"href":"https:\/\/elmetidosv.com\/index.php?rest_route=%2Fwp%2Fv2%2Fmedia&parent=26367"}],"wp:term":[{"taxonomy":"category","embeddable":true,"href":"https:\/\/elmetidosv.com\/index.php?rest_route=%2Fwp%2Fv2%2Fcategories&post=26367"},{"taxonomy":"post_tag","embeddable":true,"href":"https:\/\/elmetidosv.com\/index.php?rest_route=%2Fwp%2Fv2%2Ftags&post=26367"}],"curies":[{"name":"wp","href":"https:\/\/api.w.org\/{rel}","templated":true}]}}