{"id":26363,"date":"2026-04-25T13:12:49","date_gmt":"2026-04-25T19:12:49","guid":{"rendered":"https:\/\/elmetidosv.com\/?p=26363"},"modified":"2026-04-25T13:12:49","modified_gmt":"2026-04-25T19:12:49","slug":"vaticano-nombra-nuevo-nuncio-apostolico-en-el-salvador","status":"publish","type":"post","link":"https:\/\/elmetidosv.com\/?p=26363","title":{"rendered":"VATICANO NOMBRA NUEVO NUNCIO APOST\u00d3LICO EN EL SALVADOR"},"content":{"rendered":"\n<figure class=\"wp-block-gallery has-nested-images columns-default is-cropped wp-block-gallery-1 is-layout-flex wp-block-gallery-is-layout-flex\">\n<figure class=\"wp-block-image size-large\"><img loading=\"lazy\" decoding=\"async\" width=\"462\" height=\"583\" data-id=\"26365\" src=\"https:\/\/elmetidosv.com\/wp-content\/uploads\/2026\/04\/nuncio-1.png\" alt=\"\" class=\"wp-image-26365\" srcset=\"https:\/\/elmetidosv.com\/wp-content\/uploads\/2026\/04\/nuncio-1.png 462w, https:\/\/elmetidosv.com\/wp-content\/uploads\/2026\/04\/nuncio-1-238x300.png 238w\" sizes=\"auto, (max-width: 462px) 100vw, 462px\" \/><\/figure>\n<\/figure>\n\n\n\n<p>La Nunciatura Apost\u00f3lica inform\u00f3 que este s\u00e1bado 25 de abril de 2026, el papa Le\u00f3n XIV design\u00f3 como nuevo nuncio apost\u00f3lico en el pa\u00eds a monse\u00f1or Giancarlo Dellagiovanna, arzobispo titular de Sistroniana.<\/p>\n\n\n\n<p>El anuncio fue realizado al mediod\u00eda, hora de Roma, mediante un comunicado oficial difundido en El Salvador.<\/p>\n\n\n\n<p>Dellagiovanna, originario de Voghera, Italia, naci\u00f3 en 1961 y fue ordenado sacerdote en 1999. Es doctor en Derecho Can\u00f3nico y forma parte del servicio diplom\u00e1tico de la Santa Sede desde 2005.<\/p>\n\n\n\n<p>A lo largo de su trayectoria, ha desempe\u00f1ado funciones en diversas representaciones diplom\u00e1ticas, incluyendo misiones en M\u00e9xico, Rep\u00fablica Dominicana, Italia y Pa\u00edses Bajos, as\u00ed como labores en la Secretar\u00eda de Estado en la Ciudad del Vaticano.<\/p>\n\n\n\n<p>Recientemente, fue designado nuncio en Burkina Faso. Adem\u00e1s, domina varios idiomas, entre ellos italiano, espa\u00f1ol, ingl\u00e9s y franc\u00e9s, lo que facilitar\u00e1 su gesti\u00f3n diplom\u00e1tica en territorio salvadore\u00f1o.<\/p>\n\n\n\n<p>El nombramiento marca el inicio de una nueva etapa en las relaciones entre la Santa Sede y El Salvador.<\/p>\n\n\n\n<figure class=\"wp-block-gallery has-nested-images columns-default is-cropped wp-block-gallery-2 is-layout-flex wp-block-gallery-is-layout-flex\">\n<figure class=\"wp-block-image size-large\"><img loading=\"lazy\" decoding=\"async\" width=\"1024\" height=\"1024\" data-id=\"23574\" src=\"https:\/\/elmetidosv.com\/wp-content\/uploads\/2026\/02\/santeins-2-bueno.jpeg\" alt=\"\" class=\"wp-image-23574\" srcset=\"https:\/\/elmetidosv.com\/wp-content\/uploads\/2026\/02\/santeins-2-bueno.jpeg 1024w, https:\/\/elmetidosv.com\/wp-content\/uploads\/2026\/02\/santeins-2-bueno-300x300.jpeg 300w, https:\/\/elmetidosv.com\/wp-content\/uploads\/2026\/02\/santeins-2-bueno-150x150.jpeg 150w, https:\/\/elmetidosv.com\/wp-content\/uploads\/2026\/02\/santeins-2-bueno-768x768.jpeg 768w\" sizes=\"auto, (max-width: 1024px) 100vw, 1024px\" \/><\/figure>\n<\/figure>\n","protected":false},"excerpt":{"rendered":"<p>La Nunciatura Apost\u00f3lica inform\u00f3 que este s\u00e1bado 25 de abril de 2026, el papa Le\u00f3n XIV design\u00f3 como nuevo nuncio<\/p>\n","protected":false},"author":2,"featured_media":26364,"comment_status":"closed","ping_status":"","sticky":false,"template":"","format":"standard","meta":{"colormag_page_container_layout":"default_layout","colormag_page_sidebar_layout":"default_layout","footnotes":""},"categories":[4],"tags":[228,31,7740,1362,7744,7745,1092,7739,7747,7746,236,4784,7742,7743,7741,7252],"class_list":["post-26363","post","type-post","status-publish","format-standard","has-post-thumbnail","hentry","category-politica","tag-diplomacia","tag-el-salvador","tag-giancarlo-dellagiovanna","tag-iglesia-catolica","tag-leon-xiv","tag-nombramiento","tag-noticias","tag-nuncio-apostolico","tag-oficial","tag-pais","tag-relaciones-internacionales","tag-religion","tag-roma","tag-roma-tags-el-salvador","tag-santa-sede","tag-vaticano"],"_links":{"self":[{"href":"https:\/\/elmetidosv.com\/index.php?rest_route=\/wp\/v2\/posts\/26363","targetHints":{"allow":["GET"]}}],"collection":[{"href":"https:\/\/elmetidosv.com\/index.php?rest_route=\/wp\/v2\/posts"}],"about":[{"href":"https:\/\/elmetidosv.com\/index.php?rest_route=\/wp\/v2\/types\/post"}],"author":[{"embeddable":true,"href":"https:\/\/elmetidosv.com\/index.php?rest_route=\/wp\/v2\/users\/2"}],"replies":[{"embeddable":true,"href":"https:\/\/elmetidosv.com\/index.php?rest_route=%2Fwp%2Fv2%2Fcomments&post=26363"}],"version-history":[{"count":1,"href":"https:\/\/elmetidosv.com\/index.php?rest_route=\/wp\/v2\/posts\/26363\/revisions"}],"predecessor-version":[{"id":26366,"href":"https:\/\/elmetidosv.com\/index.php?rest_route=\/wp\/v2\/posts\/26363\/revisions\/26366"}],"wp:featuredmedia":[{"embeddable":true,"href":"https:\/\/elmetidosv.com\/index.php?rest_route=\/wp\/v2\/media\/26364"}],"wp:attachment":[{"href":"https:\/\/elmetidosv.com\/index.php?rest_route=%2Fwp%2Fv2%2Fmedia&parent=26363"}],"wp:term":[{"taxonomy":"category","embeddable":true,"href":"https:\/\/elmetidosv.com\/index.php?rest_route=%2Fwp%2Fv2%2Fcategories&post=26363"},{"taxonomy":"post_tag","embeddable":true,"href":"https:\/\/elmetidosv.com\/index.php?rest_route=%2Fwp%2Fv2%2Ftags&post=26363"}],"curies":[{"name":"wp","href":"https:\/\/api.w.org\/{rel}","templated":true}]}}