{"id":26349,"date":"2026-04-24T18:22:45","date_gmt":"2026-04-25T00:22:45","guid":{"rendered":"https:\/\/elmetidosv.com\/?p=26349"},"modified":"2026-04-24T18:22:45","modified_gmt":"2026-04-25T00:22:45","slug":"accidente-de-transito-en-carretera-a-santa-ana-deja-una-persona-lesionada","status":"publish","type":"post","link":"https:\/\/elmetidosv.com\/?p=26349","title":{"rendered":"ACCIDENTE DE TR\u00c1NSITO EN CARRETERA A SANTA ANA DEJA UNA PERSONA LESIONADA"},"content":{"rendered":"\n<figure class=\"wp-block-gallery has-nested-images columns-default is-cropped wp-block-gallery-1 is-layout-flex wp-block-gallery-is-layout-flex\">\n<figure class=\"wp-block-image size-large\"><img loading=\"lazy\" decoding=\"async\" width=\"1024\" height=\"454\" data-id=\"26351\" src=\"https:\/\/elmetidosv.com\/wp-content\/uploads\/2026\/04\/congo-2-2-1024x454.jpg\" alt=\"\" class=\"wp-image-26351\" srcset=\"https:\/\/elmetidosv.com\/wp-content\/uploads\/2026\/04\/congo-2-2-1024x454.jpg 1024w, https:\/\/elmetidosv.com\/wp-content\/uploads\/2026\/04\/congo-2-2-300x133.jpg 300w, https:\/\/elmetidosv.com\/wp-content\/uploads\/2026\/04\/congo-2-2-768x341.jpg 768w, https:\/\/elmetidosv.com\/wp-content\/uploads\/2026\/04\/congo-2-2-1536x681.jpg 1536w, https:\/\/elmetidosv.com\/wp-content\/uploads\/2026\/04\/congo-2-2.jpg 1599w\" sizes=\"auto, (max-width: 1024px) 100vw, 1024px\" \/><\/figure>\n<\/figure>\n\n\n\n<p>Un accidente de tr\u00e1nsito se registr\u00f3 en el kil\u00f3metro 49\u00bd de la carretera que conduce de San Salvador hacia Santa Ana, a la altura de El Congo, dejando como resultado una persona lesionada.<\/p>\n\n\n\n<p>De acuerdo con los reportes, el conductor de un veh\u00edculo tipo cami\u00f3n perdi\u00f3 el control, lo que provoc\u00f3 la colisi\u00f3n contra un pickup que circulaba en la zona.<\/p>\n\n\n\n<figure class=\"wp-block-gallery has-nested-images columns-default is-cropped wp-block-gallery-2 is-layout-flex wp-block-gallery-is-layout-flex\">\n<figure class=\"wp-block-image size-large\"><img loading=\"lazy\" decoding=\"async\" width=\"576\" height=\"1024\" data-id=\"26352\" src=\"https:\/\/elmetidosv.com\/wp-content\/uploads\/2026\/04\/congo-3-576x1024.jpg\" alt=\"\" class=\"wp-image-26352\" srcset=\"https:\/\/elmetidosv.com\/wp-content\/uploads\/2026\/04\/congo-3-576x1024.jpg 576w, https:\/\/elmetidosv.com\/wp-content\/uploads\/2026\/04\/congo-3-169x300.jpg 169w, https:\/\/elmetidosv.com\/wp-content\/uploads\/2026\/04\/congo-3-768x1365.jpg 768w, https:\/\/elmetidosv.com\/wp-content\/uploads\/2026\/04\/congo-3-864x1536.jpg 864w, https:\/\/elmetidosv.com\/wp-content\/uploads\/2026\/04\/congo-3.jpg 900w\" sizes=\"auto, (max-width: 576px) 100vw, 576px\" \/><\/figure>\n<\/figure>\n\n\n\n<p>Socorristas de Cruz Verde Salvadore\u00f1a acudieron al lugar para brindar atenci\u00f3n a la persona afectada, quien presentaba traumas leves, por lo que fue asistida en el sitio sin necesidad de traslado a un centro hospitalario.<\/p>\n\n\n\n<p>Las autoridades reiteraron el llamado a los conductores a manejar con precauci\u00f3n y respetar las normas de tr\u00e1nsito, especialmente en carreteras de alto flujo vehicular.<\/p>\n\n\n\n<p>PUBLICIDAD<\/p>\n\n\n\n<figure class=\"wp-block-gallery has-nested-images columns-default is-cropped wp-block-gallery-3 is-layout-flex wp-block-gallery-is-layout-flex\">\n<figure class=\"wp-block-image size-large\"><img loading=\"lazy\" decoding=\"async\" width=\"1024\" height=\"1024\" data-id=\"23574\" src=\"https:\/\/elmetidosv.com\/wp-content\/uploads\/2026\/02\/santeins-2-bueno.jpeg\" alt=\"\" class=\"wp-image-23574\" srcset=\"https:\/\/elmetidosv.com\/wp-content\/uploads\/2026\/02\/santeins-2-bueno.jpeg 1024w, https:\/\/elmetidosv.com\/wp-content\/uploads\/2026\/02\/santeins-2-bueno-300x300.jpeg 300w, https:\/\/elmetidosv.com\/wp-content\/uploads\/2026\/02\/santeins-2-bueno-150x150.jpeg 150w, https:\/\/elmetidosv.com\/wp-content\/uploads\/2026\/02\/santeins-2-bueno-768x768.jpeg 768w\" sizes=\"auto, (max-width: 1024px) 100vw, 1024px\" \/><\/figure>\n<\/figure>\n","protected":false},"excerpt":{"rendered":"<p>Un accidente de tr\u00e1nsito se registr\u00f3 en el kil\u00f3metro 49\u00bd de la carretera que conduce de San Salvador hacia Santa<\/p>\n","protected":false},"author":2,"featured_media":26350,"comment_status":"closed","ping_status":"","sticky":false,"template":"","format":"standard","meta":{"colormag_page_container_layout":"default_layout","colormag_page_sidebar_layout":"default_layout","footnotes":""},"categories":[1],"tags":[261,110,96,2058,1571,5647,149,683,31,330,7194,1256,1092,1506,60,33,122,831,120],"class_list":["post-26349","post","type-post","status-publish","format-standard","has-post-thumbnail","hentry","category-nacional","tag-accidente","tag-accidente-de-transito","tag-autoridades","tag-camion","tag-carretera","tag-conductores","tag-cruz-verde","tag-el-congo","tag-el-salvador","tag-emergencia","tag-emergencia-tags-el-salvador","tag-lesionado","tag-noticias","tag-pickup","tag-prevencion","tag-santa-ana","tag-seguridad-vial","tag-trafico","tag-transito"],"_links":{"self":[{"href":"https:\/\/elmetidosv.com\/index.php?rest_route=\/wp\/v2\/posts\/26349","targetHints":{"allow":["GET"]}}],"collection":[{"href":"https:\/\/elmetidosv.com\/index.php?rest_route=\/wp\/v2\/posts"}],"about":[{"href":"https:\/\/elmetidosv.com\/index.php?rest_route=\/wp\/v2\/types\/post"}],"author":[{"embeddable":true,"href":"https:\/\/elmetidosv.com\/index.php?rest_route=\/wp\/v2\/users\/2"}],"replies":[{"embeddable":true,"href":"https:\/\/elmetidosv.com\/index.php?rest_route=%2Fwp%2Fv2%2Fcomments&post=26349"}],"version-history":[{"count":1,"href":"https:\/\/elmetidosv.com\/index.php?rest_route=\/wp\/v2\/posts\/26349\/revisions"}],"predecessor-version":[{"id":26353,"href":"https:\/\/elmetidosv.com\/index.php?rest_route=\/wp\/v2\/posts\/26349\/revisions\/26353"}],"wp:featuredmedia":[{"embeddable":true,"href":"https:\/\/elmetidosv.com\/index.php?rest_route=\/wp\/v2\/media\/26350"}],"wp:attachment":[{"href":"https:\/\/elmetidosv.com\/index.php?rest_route=%2Fwp%2Fv2%2Fmedia&parent=26349"}],"wp:term":[{"taxonomy":"category","embeddable":true,"href":"https:\/\/elmetidosv.com\/index.php?rest_route=%2Fwp%2Fv2%2Fcategories&post=26349"},{"taxonomy":"post_tag","embeddable":true,"href":"https:\/\/elmetidosv.com\/index.php?rest_route=%2Fwp%2Fv2%2Ftags&post=26349"}],"curies":[{"name":"wp","href":"https:\/\/api.w.org\/{rel}","templated":true}]}}