{"id":25727,"date":"2026-04-10T19:05:22","date_gmt":"2026-04-11T01:05:22","guid":{"rendered":"https:\/\/elmetidosv.com\/?p=25727"},"modified":"2026-04-10T19:05:22","modified_gmt":"2026-04-11T01:05:22","slug":"accidente-de-transito-deja-un-fallecido-y-un-joven-lesionado-en-santa-ana","status":"publish","type":"post","link":"https:\/\/elmetidosv.com\/?p=25727","title":{"rendered":"ACCIDENTE DE TR\u00c1NSITO DEJA UN FALLECIDO Y UN JOVEN LESIONADO EN SANTA ANA"},"content":{"rendered":"\n<figure class=\"wp-block-gallery has-nested-images columns-default is-cropped wp-block-gallery-1 is-layout-flex wp-block-gallery-is-layout-flex\">\n<figure class=\"wp-block-image size-large\"><img loading=\"lazy\" decoding=\"async\" width=\"771\" height=\"1024\" data-id=\"25729\" src=\"https:\/\/elmetidosv.com\/wp-content\/uploads\/2026\/04\/CANDE-2-771x1024.jpg\" alt=\"\" class=\"wp-image-25729\" srcset=\"https:\/\/elmetidosv.com\/wp-content\/uploads\/2026\/04\/CANDE-2-771x1024.jpg 771w, https:\/\/elmetidosv.com\/wp-content\/uploads\/2026\/04\/CANDE-2-226x300.jpg 226w, https:\/\/elmetidosv.com\/wp-content\/uploads\/2026\/04\/CANDE-2-768x1020.jpg 768w, https:\/\/elmetidosv.com\/wp-content\/uploads\/2026\/04\/CANDE-2-1157x1536.jpg 1157w, https:\/\/elmetidosv.com\/wp-content\/uploads\/2026\/04\/CANDE-2.jpg 1542w\" sizes=\"auto, (max-width: 771px) 100vw, 771px\" \/><\/figure>\n<\/figure>\n\n\n\n<p><strong>Santa Ana.<\/strong> \u2014 Un tr\u00e1gico accidente de tr\u00e1nsito se registr\u00f3 la tarde de este viernes sobre la carretera hacia Candelaria de la Frontera, a la altura del sector de Santa Adela, dejando como resultado una persona fallecida y otra lesionada.<\/p>\n\n\n\n<p>De acuerdo con el reporte de la Cruz Verde Salvadore\u00f1a seccional Santa Ana, el percance ocurri\u00f3 alrededor de las 3:59 p.m., cuando un cami\u00f3n impact\u00f3 a un costado de la v\u00eda.<\/p>\n\n\n\n<p>Socorristas realizaron labores de rescate vehicular y brindaron soporte vital en la escena, logrando liberar a un joven de 20 a\u00f1os que hab\u00eda quedado atrapado entre los hierros retorcidos. El paciente presentaba <strong>fracturas en sus miembros inferiores<\/strong> y fue trasladado en condici\u00f3n estable hacia el Instituto Salvadore\u00f1o del Seguro Social (ISSS) de Santa Ana.<\/p>\n\n\n\n<figure class=\"wp-block-gallery has-nested-images columns-default is-cropped wp-block-gallery-2 is-layout-flex wp-block-gallery-is-layout-flex\">\n<figure class=\"wp-block-image size-large\"><img loading=\"lazy\" decoding=\"async\" width=\"1024\" height=\"576\" data-id=\"25730\" src=\"https:\/\/elmetidosv.com\/wp-content\/uploads\/2026\/04\/CANDE-3-1024x576.jpg\" alt=\"\" class=\"wp-image-25730\" srcset=\"https:\/\/elmetidosv.com\/wp-content\/uploads\/2026\/04\/CANDE-3-1024x576.jpg 1024w, https:\/\/elmetidosv.com\/wp-content\/uploads\/2026\/04\/CANDE-3-300x169.jpg 300w, https:\/\/elmetidosv.com\/wp-content\/uploads\/2026\/04\/CANDE-3-768x432.jpg 768w, https:\/\/elmetidosv.com\/wp-content\/uploads\/2026\/04\/CANDE-3-1536x864.jpg 1536w, https:\/\/elmetidosv.com\/wp-content\/uploads\/2026\/04\/CANDE-3.jpg 1600w\" sizes=\"auto, (max-width: 1024px) 100vw, 1024px\" \/><\/figure>\n<\/figure>\n\n\n\n<p>La v\u00edctima mortal fue identificada como el conductor del veh\u00edculo involucrado en el percance.<\/p>\n\n\n\n<p>Seg\u00fan versiones preliminares, el accidente habr\u00eda sido provocado por la <strong>invasi\u00f3n de carril por parte de otro veh\u00edculo pesado<\/strong>, aunque esta informaci\u00f3n deber\u00e1 ser confirmada por las autoridades.<\/p>\n\n\n\n<p>Las instituciones correspondientes contin\u00faan con las investigaciones para esclarecer las causas del hecho.<\/p>\n\n\n\n<figure class=\"wp-block-gallery has-nested-images columns-default is-cropped wp-block-gallery-3 is-layout-flex wp-block-gallery-is-layout-flex\">\n<figure class=\"wp-block-image size-large\"><img loading=\"lazy\" decoding=\"async\" width=\"600\" height=\"480\" data-id=\"25731\" src=\"https:\/\/elmetidosv.com\/wp-content\/uploads\/2026\/04\/car-wash-1-1.jpg\" alt=\"\" class=\"wp-image-25731\" srcset=\"https:\/\/elmetidosv.com\/wp-content\/uploads\/2026\/04\/car-wash-1-1.jpg 600w, https:\/\/elmetidosv.com\/wp-content\/uploads\/2026\/04\/car-wash-1-1-300x240.jpg 300w\" sizes=\"auto, (max-width: 600px) 100vw, 600px\" \/><\/figure>\n<\/figure>\n","protected":false},"excerpt":{"rendered":"<p>Santa Ana. \u2014 Un tr\u00e1gico accidente de tr\u00e1nsito se registr\u00f3 la tarde de este viernes sobre la carretera hacia Candelaria<\/p>\n","protected":false},"author":2,"featured_media":25728,"comment_status":"closed","ping_status":"","sticky":false,"template":"","format":"standard","meta":{"colormag_page_container_layout":"default_layout","colormag_page_sidebar_layout":"default_layout","footnotes":""},"categories":[1],"tags":[261,7139,1571,7141,149,330,7140,22,5038,382,7142,33,120],"class_list":["post-25727","post","type-post","status-publish","format-standard","has-post-thumbnail","hentry","category-nacional","tag-accidente","tag-accidente-santa-ana","tag-carretera","tag-carretera-candelaria","tag-cruz-verde","tag-emergencia","tag-fallecido-transito","tag-investigacion","tag-isss","tag-rescate","tag-rescate-vehicular-tags-el-salvador","tag-santa-ana","tag-transito"],"_links":{"self":[{"href":"https:\/\/elmetidosv.com\/index.php?rest_route=\/wp\/v2\/posts\/25727","targetHints":{"allow":["GET"]}}],"collection":[{"href":"https:\/\/elmetidosv.com\/index.php?rest_route=\/wp\/v2\/posts"}],"about":[{"href":"https:\/\/elmetidosv.com\/index.php?rest_route=\/wp\/v2\/types\/post"}],"author":[{"embeddable":true,"href":"https:\/\/elmetidosv.com\/index.php?rest_route=\/wp\/v2\/users\/2"}],"replies":[{"embeddable":true,"href":"https:\/\/elmetidosv.com\/index.php?rest_route=%2Fwp%2Fv2%2Fcomments&post=25727"}],"version-history":[{"count":1,"href":"https:\/\/elmetidosv.com\/index.php?rest_route=\/wp\/v2\/posts\/25727\/revisions"}],"predecessor-version":[{"id":25732,"href":"https:\/\/elmetidosv.com\/index.php?rest_route=\/wp\/v2\/posts\/25727\/revisions\/25732"}],"wp:featuredmedia":[{"embeddable":true,"href":"https:\/\/elmetidosv.com\/index.php?rest_route=\/wp\/v2\/media\/25728"}],"wp:attachment":[{"href":"https:\/\/elmetidosv.com\/index.php?rest_route=%2Fwp%2Fv2%2Fmedia&parent=25727"}],"wp:term":[{"taxonomy":"category","embeddable":true,"href":"https:\/\/elmetidosv.com\/index.php?rest_route=%2Fwp%2Fv2%2Fcategories&post=25727"},{"taxonomy":"post_tag","embeddable":true,"href":"https:\/\/elmetidosv.com\/index.php?rest_route=%2Fwp%2Fv2%2Ftags&post=25727"}],"curies":[{"name":"wp","href":"https:\/\/api.w.org\/{rel}","templated":true}]}}