{"id":25716,"date":"2026-04-10T18:46:28","date_gmt":"2026-04-11T00:46:28","guid":{"rendered":"https:\/\/elmetidosv.com\/?p=25716"},"modified":"2026-04-10T18:46:28","modified_gmt":"2026-04-11T00:46:28","slug":"astronautas-de-artemis-ii-regresan-a-la-tierra-tras-historica-mision-lunar","status":"publish","type":"post","link":"https:\/\/elmetidosv.com\/?p=25716","title":{"rendered":"ASTRONAUTAS DE ARTEMIS II REGRESAN A LA TIERRA TRAS HIST\u00d3RICA MISI\u00d3N LUNAR"},"content":{"rendered":"\n<figure class=\"wp-block-gallery has-nested-images columns-default is-cropped wp-block-gallery-1 is-layout-flex wp-block-gallery-is-layout-flex\">\n<figure class=\"wp-block-image size-large\"><img loading=\"lazy\" decoding=\"async\" width=\"1024\" height=\"746\" data-id=\"25718\" src=\"https:\/\/elmetidosv.com\/wp-content\/uploads\/2026\/04\/nasa-1-1024x746.jpg\" alt=\"\" class=\"wp-image-25718\" srcset=\"https:\/\/elmetidosv.com\/wp-content\/uploads\/2026\/04\/nasa-1-1024x746.jpg 1024w, https:\/\/elmetidosv.com\/wp-content\/uploads\/2026\/04\/nasa-1-300x218.jpg 300w, https:\/\/elmetidosv.com\/wp-content\/uploads\/2026\/04\/nasa-1-768x559.jpg 768w, https:\/\/elmetidosv.com\/wp-content\/uploads\/2026\/04\/nasa-1-1536x1118.jpg 1536w, https:\/\/elmetidosv.com\/wp-content\/uploads\/2026\/04\/nasa-1.jpg 2048w\" sizes=\"auto, (max-width: 1024px) 100vw, 1024px\" \/><\/figure>\n<\/figure>\n\n\n\n<p><strong>San Diego.<\/strong> \u2014 Los cuatro astronautas de la misi\u00f3n Artemis II amerizaron con \u00e9xito en el oc\u00e9ano Pac\u00edfico, frente a la costa de San Diego, tras completar una expedici\u00f3n de diez d\u00edas alrededor de la Luna.<\/p>\n\n\n\n<p>La tripulaci\u00f3n, integrada por Reid Wiseman, Christina Koch, Victor Glover y Jeremy Hansen, logr\u00f3 un descenso controlado luego de ingresar a la atm\u00f3sfera terrestre a velocidades superiores a los 40,000 kil\u00f3metros por hora.<\/p>\n\n\n\n<p>Durante la reentrada, la c\u00e1psula Ori\u00f3n soport\u00f3 temperaturas extremas cercanas a los 2,760 grados cent\u00edgrados, mientras sus sistemas operaron con precisi\u00f3n, seg\u00fan confirm\u00f3 la NASA.<\/p>\n\n\n\n<figure class=\"wp-block-gallery has-nested-images columns-default is-cropped wp-block-gallery-2 is-layout-flex wp-block-gallery-is-layout-flex\">\n<figure class=\"wp-block-image size-large\"><img loading=\"lazy\" decoding=\"async\" width=\"1024\" height=\"658\" data-id=\"25719\" src=\"https:\/\/elmetidosv.com\/wp-content\/uploads\/2026\/04\/nasa-2-1024x658.jpg\" alt=\"\" class=\"wp-image-25719\" srcset=\"https:\/\/elmetidosv.com\/wp-content\/uploads\/2026\/04\/nasa-2-1024x658.jpg 1024w, https:\/\/elmetidosv.com\/wp-content\/uploads\/2026\/04\/nasa-2-300x193.jpg 300w, https:\/\/elmetidosv.com\/wp-content\/uploads\/2026\/04\/nasa-2-768x494.jpg 768w, https:\/\/elmetidosv.com\/wp-content\/uploads\/2026\/04\/nasa-2-1536x987.jpg 1536w, https:\/\/elmetidosv.com\/wp-content\/uploads\/2026\/04\/nasa-2.jpg 2048w\" sizes=\"auto, (max-width: 1024px) 100vw, 1024px\" \/><\/figure>\n<\/figure>\n\n\n\n<p>Tras el amerizaje, equipos de recuperaci\u00f3n de las fuerzas armadas estadounidenses iniciaron el protocolo para rescatar a los astronautas, en una operaci\u00f3n estimada de aproximadamente 45 minutos.<\/p>\n\n\n\n<p>Este logro marca el regreso de la humanidad a la \u00f3rbita lunar despu\u00e9s de m\u00e1s de medio siglo desde las misiones del programa Apolo, y representa un paso clave en los planes para futuras expediciones hacia la Luna y Marte.<\/p>\n\n\n\n<figure class=\"wp-block-gallery has-nested-images columns-default is-cropped wp-block-gallery-3 is-layout-flex wp-block-gallery-is-layout-flex\">\n<figure class=\"wp-block-image size-large\"><img loading=\"lazy\" decoding=\"async\" width=\"1024\" height=\"1024\" data-id=\"23574\" src=\"https:\/\/elmetidosv.com\/wp-content\/uploads\/2026\/02\/santeins-2-bueno.jpeg\" alt=\"\" class=\"wp-image-23574\" srcset=\"https:\/\/elmetidosv.com\/wp-content\/uploads\/2026\/02\/santeins-2-bueno.jpeg 1024w, https:\/\/elmetidosv.com\/wp-content\/uploads\/2026\/02\/santeins-2-bueno-300x300.jpeg 300w, https:\/\/elmetidosv.com\/wp-content\/uploads\/2026\/02\/santeins-2-bueno-150x150.jpeg 150w, https:\/\/elmetidosv.com\/wp-content\/uploads\/2026\/02\/santeins-2-bueno-768x768.jpeg 768w\" sizes=\"auto, (max-width: 1024px) 100vw, 1024px\" \/><\/figure>\n<\/figure>\n","protected":false},"excerpt":{"rendered":"<p>San Diego. \u2014 Los cuatro astronautas de la misi\u00f3n Artemis II amerizaron con \u00e9xito en el oc\u00e9ano Pac\u00edfico, frente a<\/p>\n","protected":false},"author":2,"featured_media":25717,"comment_status":"closed","ping_status":"","sticky":false,"template":"","format":"standard","meta":{"colormag_page_container_layout":"default_layout","colormag_page_sidebar_layout":"default_layout","footnotes":""},"categories":[3],"tags":[6933,6658,279,6660,4475,7134,6656,6659,7135,2626,5887],"class_list":["post-25716","post","type-post","status-publish","format-standard","has-post-thumbnail","hentry","category-internacional","tag-artemis-ii","tag-astronautas","tag-ciencia","tag-exploracion-espacial","tag-luna","tag-mision-lunar","tag-nasa","tag-orion","tag-regreso-a-la-tierra-tags-espacio","tag-san-diego","tag-tecnologia"],"_links":{"self":[{"href":"https:\/\/elmetidosv.com\/index.php?rest_route=\/wp\/v2\/posts\/25716","targetHints":{"allow":["GET"]}}],"collection":[{"href":"https:\/\/elmetidosv.com\/index.php?rest_route=\/wp\/v2\/posts"}],"about":[{"href":"https:\/\/elmetidosv.com\/index.php?rest_route=\/wp\/v2\/types\/post"}],"author":[{"embeddable":true,"href":"https:\/\/elmetidosv.com\/index.php?rest_route=\/wp\/v2\/users\/2"}],"replies":[{"embeddable":true,"href":"https:\/\/elmetidosv.com\/index.php?rest_route=%2Fwp%2Fv2%2Fcomments&post=25716"}],"version-history":[{"count":1,"href":"https:\/\/elmetidosv.com\/index.php?rest_route=\/wp\/v2\/posts\/25716\/revisions"}],"predecessor-version":[{"id":25720,"href":"https:\/\/elmetidosv.com\/index.php?rest_route=\/wp\/v2\/posts\/25716\/revisions\/25720"}],"wp:featuredmedia":[{"embeddable":true,"href":"https:\/\/elmetidosv.com\/index.php?rest_route=\/wp\/v2\/media\/25717"}],"wp:attachment":[{"href":"https:\/\/elmetidosv.com\/index.php?rest_route=%2Fwp%2Fv2%2Fmedia&parent=25716"}],"wp:term":[{"taxonomy":"category","embeddable":true,"href":"https:\/\/elmetidosv.com\/index.php?rest_route=%2Fwp%2Fv2%2Fcategories&post=25716"},{"taxonomy":"post_tag","embeddable":true,"href":"https:\/\/elmetidosv.com\/index.php?rest_route=%2Fwp%2Fv2%2Ftags&post=25716"}],"curies":[{"name":"wp","href":"https:\/\/api.w.org\/{rel}","templated":true}]}}