{"id":25685,"date":"2026-04-10T08:47:39","date_gmt":"2026-04-10T14:47:39","guid":{"rendered":"https:\/\/elmetidosv.com\/?p=25685"},"modified":"2026-04-10T08:47:39","modified_gmt":"2026-04-10T14:47:39","slug":"vehiculo-se-incendia-en-la-troncal-del-norte-y-deja-un-joven-afectado","status":"publish","type":"post","link":"https:\/\/elmetidosv.com\/?p=25685","title":{"rendered":"VEH\u00cdCULO SE INCENDIA EN LA TRONCAL DEL NORTE Y DEJA UN JOVEN AFECTADO"},"content":{"rendered":"\n<figure class=\"wp-block-gallery has-nested-images columns-default is-cropped wp-block-gallery-1 is-layout-flex wp-block-gallery-is-layout-flex\">\n<figure class=\"wp-block-image size-large\"><img loading=\"lazy\" decoding=\"async\" width=\"671\" height=\"1024\" data-id=\"25687\" src=\"https:\/\/elmetidosv.com\/wp-content\/uploads\/2026\/04\/incendio-3-671x1024.jpg\" alt=\"\" class=\"wp-image-25687\" srcset=\"https:\/\/elmetidosv.com\/wp-content\/uploads\/2026\/04\/incendio-3-671x1024.jpg 671w, https:\/\/elmetidosv.com\/wp-content\/uploads\/2026\/04\/incendio-3-197x300.jpg 197w, https:\/\/elmetidosv.com\/wp-content\/uploads\/2026\/04\/incendio-3.jpg 720w\" sizes=\"auto, (max-width: 671px) 100vw, 671px\" \/><\/figure>\n<\/figure>\n\n\n\n<p>Guazapa. \u2014 Un veh\u00edculo se incendi\u00f3 en el kil\u00f3metro 21 de la carretera Troncal del Norte, generando alarma entre conductores y habitantes de la zona.<br>Elementos de Comandos de Salvamento seccional Guazapa atendieron r\u00e1pidamente la emergencia, auxiliando a un joven que result\u00f3 afectado tras el siniestro.<\/p>\n\n\n\n<figure class=\"wp-block-gallery has-nested-images columns-default is-cropped wp-block-gallery-2 is-layout-flex wp-block-gallery-is-layout-flex\">\n<figure class=\"wp-block-image size-large\"><img loading=\"lazy\" decoding=\"async\" width=\"720\" height=\"540\" data-id=\"25688\" src=\"https:\/\/elmetidosv.com\/wp-content\/uploads\/2026\/04\/incendio-2.jpg\" alt=\"\" class=\"wp-image-25688\" srcset=\"https:\/\/elmetidosv.com\/wp-content\/uploads\/2026\/04\/incendio-2.jpg 720w, https:\/\/elmetidosv.com\/wp-content\/uploads\/2026\/04\/incendio-2-300x225.jpg 300w\" sizes=\"auto, (max-width: 720px) 100vw, 720px\" \/><\/figure>\n<\/figure>\n\n\n\n<p><br>El paciente recibi\u00f3 atenci\u00f3n prehospitalaria en el lugar, mientras se evaluaba su condici\u00f3n de salud.<br>Hasta el momento, se desconocen las causas que originaron el incendio, por lo que las autoridades no descartan ninguna hip\u00f3tesis y mantienen abiertas las investigaciones.<br>Se recomienda a los automovilistas circular con precauci\u00f3n en el sector, debido a posibles riesgos en la v\u00eda.<\/p>\n\n\n\n<figure class=\"wp-block-gallery has-nested-images columns-default is-cropped wp-block-gallery-3 is-layout-flex wp-block-gallery-is-layout-flex\">\n<figure class=\"wp-block-image size-large\"><img loading=\"lazy\" decoding=\"async\" width=\"600\" height=\"480\" data-id=\"25525\" src=\"https:\/\/elmetidosv.com\/wp-content\/uploads\/2026\/04\/car-wash-1.jpg\" alt=\"\" class=\"wp-image-25525\" srcset=\"https:\/\/elmetidosv.com\/wp-content\/uploads\/2026\/04\/car-wash-1.jpg 600w, https:\/\/elmetidosv.com\/wp-content\/uploads\/2026\/04\/car-wash-1-300x240.jpg 300w\" sizes=\"auto, (max-width: 600px) 100vw, 600px\" \/><\/figure>\n<\/figure>\n","protected":false},"excerpt":{"rendered":"<p>Guazapa. \u2014 Un veh\u00edculo se incendi\u00f3 en el kil\u00f3metro 21 de la carretera Troncal del Norte, generando alarma entre conductores<\/p>\n","protected":false},"author":2,"featured_media":25686,"comment_status":"closed","ping_status":"","sticky":false,"template":"","format":"standard","meta":{"colormag_page_container_layout":"default_layout","colormag_page_sidebar_layout":"default_layout","footnotes":""},"categories":[1],"tags":[117,330,548,1422,7110,382,93,120,6921,3458],"class_list":["post-25685","post","type-post","status-publish","format-standard","has-post-thumbnail","hentry","category-nacional","tag-comandos-de-salvamento","tag-emergencia","tag-guazapa","tag-incendio","tag-incendio-vehiculo-troncal-del-norte","tag-rescate","tag-seguridad","tag-transito","tag-transito-tags-el-salvador","tag-vehiculo"],"_links":{"self":[{"href":"https:\/\/elmetidosv.com\/index.php?rest_route=\/wp\/v2\/posts\/25685","targetHints":{"allow":["GET"]}}],"collection":[{"href":"https:\/\/elmetidosv.com\/index.php?rest_route=\/wp\/v2\/posts"}],"about":[{"href":"https:\/\/elmetidosv.com\/index.php?rest_route=\/wp\/v2\/types\/post"}],"author":[{"embeddable":true,"href":"https:\/\/elmetidosv.com\/index.php?rest_route=\/wp\/v2\/users\/2"}],"replies":[{"embeddable":true,"href":"https:\/\/elmetidosv.com\/index.php?rest_route=%2Fwp%2Fv2%2Fcomments&post=25685"}],"version-history":[{"count":1,"href":"https:\/\/elmetidosv.com\/index.php?rest_route=\/wp\/v2\/posts\/25685\/revisions"}],"predecessor-version":[{"id":25689,"href":"https:\/\/elmetidosv.com\/index.php?rest_route=\/wp\/v2\/posts\/25685\/revisions\/25689"}],"wp:featuredmedia":[{"embeddable":true,"href":"https:\/\/elmetidosv.com\/index.php?rest_route=\/wp\/v2\/media\/25686"}],"wp:attachment":[{"href":"https:\/\/elmetidosv.com\/index.php?rest_route=%2Fwp%2Fv2%2Fmedia&parent=25685"}],"wp:term":[{"taxonomy":"category","embeddable":true,"href":"https:\/\/elmetidosv.com\/index.php?rest_route=%2Fwp%2Fv2%2Fcategories&post=25685"},{"taxonomy":"post_tag","embeddable":true,"href":"https:\/\/elmetidosv.com\/index.php?rest_route=%2Fwp%2Fv2%2Ftags&post=25685"}],"curies":[{"name":"wp","href":"https:\/\/api.w.org\/{rel}","templated":true}]}}