{"id":25167,"date":"2026-03-31T10:43:26","date_gmt":"2026-03-31T16:43:26","guid":{"rendered":"https:\/\/elmetidosv.com\/?p=25167"},"modified":"2026-03-31T10:43:26","modified_gmt":"2026-03-31T16:43:26","slug":"abril-sera-el-mes-mas-caluroso-del-ano-en-el-salvador-advierten-autoridades","status":"publish","type":"post","link":"https:\/\/elmetidosv.com\/?p=25167","title":{"rendered":"ABRIL SER\u00c1 EL MES M\u00c1S CALUROSO DEL A\u00d1O EN EL SALVADOR, ADVIERTEN AUTORIDADES"},"content":{"rendered":"\n<figure class=\"wp-block-gallery has-nested-images columns-default is-cropped wp-block-gallery-1 is-layout-flex wp-block-gallery-is-layout-flex\">\n<figure class=\"wp-block-image size-large\"><img loading=\"lazy\" decoding=\"async\" width=\"680\" height=\"384\" data-id=\"24527\" src=\"https:\/\/elmetidosv.com\/wp-content\/uploads\/2026\/03\/calor.jpg\" alt=\"\" class=\"wp-image-24527\" srcset=\"https:\/\/elmetidosv.com\/wp-content\/uploads\/2026\/03\/calor.jpg 680w, https:\/\/elmetidosv.com\/wp-content\/uploads\/2026\/03\/calor-300x169.jpg 300w\" sizes=\"auto, (max-width: 680px) 100vw, 680px\" \/><\/figure>\n<\/figure>\n\n\n\n<p>San Salvador, El Salvador. \u2014 El Ministerio de Medio Ambiente y Recursos Naturales inform\u00f3 que abril se perfila como el mes m\u00e1s caluroso del a\u00f1o en el pa\u00eds, con temperaturas que podr\u00edan superar los 40 grados Celsius en distintos puntos del territorio.<br>De acuerdo con la instituci\u00f3n, durante este per\u00edodo tambi\u00e9n existe la posibilidad de registrarse olas de calor, as\u00ed como la presencia de Vientos Nortes, condiciones que podr\u00edan intensificar la sensaci\u00f3n t\u00e9rmica.<br>Asimismo, se prev\u00e9 que hacia finales del mes inicie la transici\u00f3n hacia la \u00e9poca lluviosa, principalmente en la franja norte del pa\u00eds.<br>Las autoridades hicieron un llamado a la poblaci\u00f3n a tomar medidas de precauci\u00f3n, como mantenerse hidratados, evitar la exposici\u00f3n prolongada al sol en horas de mayor radiaci\u00f3n y mantenerse informados a trav\u00e9s de los canales oficiales.<br>El Ministerio reiter\u00f3 la importancia de dar seguimiento a los pron\u00f3sticos clim\u00e1ticos actualizados para prevenir afectaciones a la salud, especialmente en ni\u00f1os, adultos mayores y personas con enfermedades cr\u00f3nicas.<\/p>\n\n\n\n<figure class=\"wp-block-gallery has-nested-images columns-default is-cropped wp-block-gallery-2 is-layout-flex wp-block-gallery-is-layout-flex\">\n<figure class=\"wp-block-image size-large\"><img loading=\"lazy\" decoding=\"async\" width=\"1024\" height=\"1024\" data-id=\"23574\" src=\"https:\/\/elmetidosv.com\/wp-content\/uploads\/2026\/02\/santeins-2-bueno.jpeg\" alt=\"\" class=\"wp-image-23574\" srcset=\"https:\/\/elmetidosv.com\/wp-content\/uploads\/2026\/02\/santeins-2-bueno.jpeg 1024w, https:\/\/elmetidosv.com\/wp-content\/uploads\/2026\/02\/santeins-2-bueno-300x300.jpeg 300w, https:\/\/elmetidosv.com\/wp-content\/uploads\/2026\/02\/santeins-2-bueno-150x150.jpeg 150w, https:\/\/elmetidosv.com\/wp-content\/uploads\/2026\/02\/santeins-2-bueno-768x768.jpeg 768w\" sizes=\"auto, (max-width: 1024px) 100vw, 1024px\" \/><\/figure>\n<\/figure>\n","protected":false},"excerpt":{"rendered":"<p>San Salvador, El Salvador. \u2014 El Ministerio de Medio Ambiente y Recursos Naturales inform\u00f3 que abril se perfila como el<\/p>\n","protected":false},"author":2,"featured_media":25168,"comment_status":"closed","ping_status":"","sticky":false,"template":"","format":"standard","meta":{"colormag_page_container_layout":"default_layout","colormag_page_sidebar_layout":"default_layout","footnotes":""},"categories":[1],"tags":[6515,1722,4909,6512,844,304,410,4593,6514,60,6513,302,6517,6516],"class_list":["post-25167","post","type-post","status-publish","format-standard","has-post-thumbnail","hentry","category-nacional","tag-abril","tag-ambiente","tag-calor-2","tag-calor-extremo-el-salvador-abril","tag-clima","tag-lluvias","tag-marn","tag-ola-de-calor","tag-ola-de-calor-pais","tag-prevencion","tag-recomendaciones-clima-el-salvador-tags-el-salvador","tag-temperaturas","tag-temperaturas-40-grados-marn","tag-vientos-nortes-lluvias-inicio-invierno"],"_links":{"self":[{"href":"https:\/\/elmetidosv.com\/index.php?rest_route=\/wp\/v2\/posts\/25167","targetHints":{"allow":["GET"]}}],"collection":[{"href":"https:\/\/elmetidosv.com\/index.php?rest_route=\/wp\/v2\/posts"}],"about":[{"href":"https:\/\/elmetidosv.com\/index.php?rest_route=\/wp\/v2\/types\/post"}],"author":[{"embeddable":true,"href":"https:\/\/elmetidosv.com\/index.php?rest_route=\/wp\/v2\/users\/2"}],"replies":[{"embeddable":true,"href":"https:\/\/elmetidosv.com\/index.php?rest_route=%2Fwp%2Fv2%2Fcomments&post=25167"}],"version-history":[{"count":1,"href":"https:\/\/elmetidosv.com\/index.php?rest_route=\/wp\/v2\/posts\/25167\/revisions"}],"predecessor-version":[{"id":25169,"href":"https:\/\/elmetidosv.com\/index.php?rest_route=\/wp\/v2\/posts\/25167\/revisions\/25169"}],"wp:featuredmedia":[{"embeddable":true,"href":"https:\/\/elmetidosv.com\/index.php?rest_route=\/wp\/v2\/media\/25168"}],"wp:attachment":[{"href":"https:\/\/elmetidosv.com\/index.php?rest_route=%2Fwp%2Fv2%2Fmedia&parent=25167"}],"wp:term":[{"taxonomy":"category","embeddable":true,"href":"https:\/\/elmetidosv.com\/index.php?rest_route=%2Fwp%2Fv2%2Fcategories&post=25167"},{"taxonomy":"post_tag","embeddable":true,"href":"https:\/\/elmetidosv.com\/index.php?rest_route=%2Fwp%2Fv2%2Ftags&post=25167"}],"curies":[{"name":"wp","href":"https:\/\/api.w.org\/{rel}","templated":true}]}}