{"id":25148,"date":"2026-03-30T12:46:40","date_gmt":"2026-03-30T18:46:40","guid":{"rendered":"https:\/\/elmetidosv.com\/?p=25148"},"modified":"2026-03-30T12:46:40","modified_gmt":"2026-03-30T18:46:40","slug":"reportan-desaparicion-de-turista-mexicano-en-el-salvador","status":"publish","type":"post","link":"https:\/\/elmetidosv.com\/?p=25148","title":{"rendered":"REPORTAN DESAPARICI\u00d3N DE TURISTA MEXICANO EN EL SALVADOR"},"content":{"rendered":"\n<figure class=\"wp-block-gallery has-nested-images columns-default is-cropped wp-block-gallery-1 is-layout-flex wp-block-gallery-is-layout-flex\">\n<figure class=\"wp-block-image size-large\"><img loading=\"lazy\" decoding=\"async\" width=\"960\" height=\"720\" data-id=\"25150\" src=\"https:\/\/elmetidosv.com\/wp-content\/uploads\/2026\/03\/dr-2.jpg\" alt=\"\" class=\"wp-image-25150\" srcset=\"https:\/\/elmetidosv.com\/wp-content\/uploads\/2026\/03\/dr-2.jpg 960w, https:\/\/elmetidosv.com\/wp-content\/uploads\/2026\/03\/dr-2-300x225.jpg 300w, https:\/\/elmetidosv.com\/wp-content\/uploads\/2026\/03\/dr-2-768x576.jpg 768w\" sizes=\"auto, (max-width: 960px) 100vw, 960px\" \/><\/figure>\n<\/figure>\n\n\n\n<p>La Paz, El Salvador. \u2014 Autoridades mantienen la b\u00fasqueda de un ciudadano mexicano identificado como Ernesto Rodr\u00edguez Soto, de 36 a\u00f1os, quien fue reportado como desaparecido durante una visita tur\u00edstica en El Salvador.<\/p>\n\n\n\n<p>De acuerdo con informaci\u00f3n difundida por ABC Noticias, el profesional de la salud, especialista en radiolog\u00eda y originario de Monterrey, Nuevo Le\u00f3n, perdi\u00f3 comunicaci\u00f3n con sus familiares desde el pasado 11 de marzo.<\/p>\n\n\n\n<p>Seg\u00fan los reportes, el m\u00e9dico hab\u00eda ingresado al pa\u00eds el 10 de marzo y ten\u00eda previsto trasladarse al distrito de San Luis Talpa, en el departamento de La Paz, donde indic\u00f3 que visitar\u00eda a unos conocidos. Sin embargo, no proporcion\u00f3 detalles sobre estas personas ni su ubicaci\u00f3n exacta.<\/p>\n\n\n\n<p>El caso se encuentra bajo investigaci\u00f3n por parte de la Fiscal\u00eda General de Justicia de Nuevo Le\u00f3n, en coordinaci\u00f3n con el Bloque de B\u00fasqueda de Personas Desaparecidas, quienes han activado protocolos para dar con su paradero.<\/p>\n\n\n\n<p>Familiares y autoridades han difundido una ficha de b\u00fasqueda, mientras crece la preocupaci\u00f3n debido a que el ciudadano ten\u00eda previsto regresar a M\u00e9xico el 17 de marzo de 2026, lo cual no ocurri\u00f3.<\/p>\n\n\n\n<p>Hasta el momento, no se ha confirmado informaci\u00f3n sobre su ubicaci\u00f3n, por lo que las investigaciones contin\u00faan en curso.<\/p>\n\n\n\n<figure class=\"wp-block-gallery has-nested-images columns-default is-cropped wp-block-gallery-2 is-layout-flex wp-block-gallery-is-layout-flex\">\n<figure class=\"wp-block-image size-large\"><img loading=\"lazy\" decoding=\"async\" width=\"1024\" height=\"576\" data-id=\"25151\" src=\"https:\/\/elmetidosv.com\/wp-content\/uploads\/2026\/03\/dr-3-1024x576.jpg\" alt=\"\" class=\"wp-image-25151\" srcset=\"https:\/\/elmetidosv.com\/wp-content\/uploads\/2026\/03\/dr-3-1024x576.jpg 1024w, https:\/\/elmetidosv.com\/wp-content\/uploads\/2026\/03\/dr-3-300x169.jpg 300w, https:\/\/elmetidosv.com\/wp-content\/uploads\/2026\/03\/dr-3-768x432.jpg 768w, https:\/\/elmetidosv.com\/wp-content\/uploads\/2026\/03\/dr-3.jpg 1280w\" sizes=\"auto, (max-width: 1024px) 100vw, 1024px\" \/><\/figure>\n<\/figure>\n","protected":false},"excerpt":{"rendered":"<p>La Paz, El Salvador. \u2014 Autoridades mantienen la b\u00fasqueda de un ciudadano mexicano identificado como Ernesto Rodr\u00edguez Soto, de 36<\/p>\n","protected":false},"author":2,"featured_media":25149,"comment_status":"closed","ping_status":"","sticky":false,"template":"","format":"standard","meta":{"colormag_page_container_layout":"default_layout","colormag_page_sidebar_layout":"default_layout","footnotes":""},"categories":[1],"tags":[6492,770,6271,6489,6488,351,22,453,6493,162,6495,6494,6490,6491],"class_list":["post-25148","post","type-post","status-publish","format-standard","has-post-thumbnail","hentry","category-nacional","tag-bloque-busqueda-el-salvador-tags-el-salvador","tag-busqueda","tag-desaparecido","tag-desaparecido-turista-mexicano-el-salvador","tag-ernesto-rodriguez-soto-busqueda","tag-fiscalia","tag-investigacion","tag-la-paz","tag-medico-monterrey-desaparecido","tag-mexico","tag-radiologia","tag-san-luis-talpa","tag-san-luis-talpa-desaparecido-2026","tag-turista"],"_links":{"self":[{"href":"https:\/\/elmetidosv.com\/index.php?rest_route=\/wp\/v2\/posts\/25148","targetHints":{"allow":["GET"]}}],"collection":[{"href":"https:\/\/elmetidosv.com\/index.php?rest_route=\/wp\/v2\/posts"}],"about":[{"href":"https:\/\/elmetidosv.com\/index.php?rest_route=\/wp\/v2\/types\/post"}],"author":[{"embeddable":true,"href":"https:\/\/elmetidosv.com\/index.php?rest_route=\/wp\/v2\/users\/2"}],"replies":[{"embeddable":true,"href":"https:\/\/elmetidosv.com\/index.php?rest_route=%2Fwp%2Fv2%2Fcomments&post=25148"}],"version-history":[{"count":1,"href":"https:\/\/elmetidosv.com\/index.php?rest_route=\/wp\/v2\/posts\/25148\/revisions"}],"predecessor-version":[{"id":25152,"href":"https:\/\/elmetidosv.com\/index.php?rest_route=\/wp\/v2\/posts\/25148\/revisions\/25152"}],"wp:featuredmedia":[{"embeddable":true,"href":"https:\/\/elmetidosv.com\/index.php?rest_route=\/wp\/v2\/media\/25149"}],"wp:attachment":[{"href":"https:\/\/elmetidosv.com\/index.php?rest_route=%2Fwp%2Fv2%2Fmedia&parent=25148"}],"wp:term":[{"taxonomy":"category","embeddable":true,"href":"https:\/\/elmetidosv.com\/index.php?rest_route=%2Fwp%2Fv2%2Fcategories&post=25148"},{"taxonomy":"post_tag","embeddable":true,"href":"https:\/\/elmetidosv.com\/index.php?rest_route=%2Fwp%2Fv2%2Ftags&post=25148"}],"curies":[{"name":"wp","href":"https:\/\/api.w.org\/{rel}","templated":true}]}}