{"id":24952,"date":"2026-03-27T09:04:01","date_gmt":"2026-03-27T15:04:01","guid":{"rendered":"https:\/\/elmetidosv.com\/?p=24952"},"modified":"2026-03-27T09:04:01","modified_gmt":"2026-03-27T15:04:01","slug":"incendio-estructural-en-centro-de-gobierno-de-sensuntepeque-deja-danos-materiales-la-emergencia-ya-fue-controlada","status":"publish","type":"post","link":"https:\/\/elmetidosv.com\/?p=24952","title":{"rendered":"INCENDIO ESTRUCTURAL EN CENTRO DE GOBIERNO DE SENSUNTEPEQUE DEJA DA\u00d1OS MATERIALES; LA EMERGENCIA YA FUE CONTROLADA"},"content":{"rendered":"\n<figure class=\"wp-block-gallery has-nested-images columns-default is-cropped wp-block-gallery-1 is-layout-flex wp-block-gallery-is-layout-flex\">\n<figure class=\"wp-block-image size-large\"><img loading=\"lazy\" decoding=\"async\" width=\"576\" height=\"1024\" data-id=\"24954\" src=\"https:\/\/elmetidosv.com\/wp-content\/uploads\/2026\/03\/incendio-1-1-576x1024.jpg\" alt=\"\" class=\"wp-image-24954\" srcset=\"https:\/\/elmetidosv.com\/wp-content\/uploads\/2026\/03\/incendio-1-1-576x1024.jpg 576w, https:\/\/elmetidosv.com\/wp-content\/uploads\/2026\/03\/incendio-1-1-169x300.jpg 169w, https:\/\/elmetidosv.com\/wp-content\/uploads\/2026\/03\/incendio-1-1-768x1366.jpg 768w, https:\/\/elmetidosv.com\/wp-content\/uploads\/2026\/03\/incendio-1-1-864x1536.jpg 864w, https:\/\/elmetidosv.com\/wp-content\/uploads\/2026\/03\/incendio-1-1.jpg 899w\" sizes=\"auto, (max-width: 576px) 100vw, 576px\" \/><\/figure>\n<\/figure>\n\n\n\n<p>Sensuntepeque, Caba\u00f1as Este. \u2014 Un fuerte incendio estructural se registr\u00f3 la ma\u00f1ana de este viernes en las instalaciones del Centro de Gobierno, ubicado en el barrio El Calvario, en el distrito de Sensuntepeque, dejando cuantiosos da\u00f1os materiales.<\/p>\n\n\n\n<p>Elementos del Cuerpo de Bomberos de El Salvador acudieron al lugar desde las primeras horas del d\u00eda y realizaron intensas labores para controlar y liquidar el siniestro, evitando que las llamas se propagaran a estructuras cercanas.<\/p>\n\n\n\n<p>El director de Bomberos, Baltazar Solano, inform\u00f3 que los equipos comenzaron a trabajar desde las 5:00 a. m., con la participaci\u00f3n de aproximadamente 15 bomberos provenientes de Sensuntepeque y Cojutepeque, adem\u00e1s del apoyo de una cisterna proporcionada por la alcald\u00eda.<\/p>\n\n\n\n<p>\u201cEl incendio fue controlado a las 6:37 a. m. Se trata de una estructura antigua con materiales que favorecen la r\u00e1pida propagaci\u00f3n del fuego. Hemos logrado contenerlo y evitar que se extendiera\u201d, detall\u00f3.<\/p>\n\n\n\n<figure class=\"wp-block-gallery has-nested-images columns-default is-cropped wp-block-gallery-2 is-layout-flex wp-block-gallery-is-layout-flex\">\n<figure class=\"wp-block-image size-large\"><img loading=\"lazy\" decoding=\"async\" width=\"1024\" height=\"576\" data-id=\"24955\" src=\"https:\/\/elmetidosv.com\/wp-content\/uploads\/2026\/03\/incendio-2-1-1024x576.jpg\" alt=\"\" class=\"wp-image-24955\" srcset=\"https:\/\/elmetidosv.com\/wp-content\/uploads\/2026\/03\/incendio-2-1-1024x576.jpg 1024w, https:\/\/elmetidosv.com\/wp-content\/uploads\/2026\/03\/incendio-2-1-300x169.jpg 300w, https:\/\/elmetidosv.com\/wp-content\/uploads\/2026\/03\/incendio-2-1-768x432.jpg 768w, https:\/\/elmetidosv.com\/wp-content\/uploads\/2026\/03\/incendio-2-1-1536x864.jpg 1536w, https:\/\/elmetidosv.com\/wp-content\/uploads\/2026\/03\/incendio-2-1.jpg 1600w\" sizes=\"auto, (max-width: 1024px) 100vw, 1024px\" \/><\/figure>\n<\/figure>\n\n\n\n<p>Durante la emergencia, el alcalde de Caba\u00f1as Este, Edgardo Portillo, junto a personal municipal y la Comisi\u00f3n Municipal de Protecci\u00f3n Civil, brindaron apoyo log\u00edstico para facilitar las labores de los equipos de respuesta.<\/p>\n\n\n\n<p>Las autoridades confirmaron que no se reportan personas lesionadas ni fallecidas, registr\u00e1ndose \u00fanicamente da\u00f1os materiales en gran parte del inmueble.<\/p>\n\n\n\n<p>Peritos del Cuerpo de Bomberos y de la Polic\u00eda Nacional Civil (PNC) iniciaron las investigaciones para determinar las causas que originaron el incendio.<\/p>\n\n\n\n<p>El Centro de Gobierno de Sensuntepeque alberga diversas oficinas administrativas del departamento, por lo que las autoridades eval\u00faan los da\u00f1os para definir la reubicaci\u00f3n temporal de los servicios afectados.<\/p>\n\n\n\n<figure class=\"wp-block-gallery has-nested-images columns-default is-cropped wp-block-gallery-3 is-layout-flex wp-block-gallery-is-layout-flex\">\n<figure class=\"wp-block-image size-large\"><img loading=\"lazy\" decoding=\"async\" width=\"1024\" height=\"1024\" data-id=\"23579\" src=\"https:\/\/elmetidosv.com\/wp-content\/uploads\/2026\/02\/santeins-2-bueno-1.jpeg\" alt=\"\" class=\"wp-image-23579\" srcset=\"https:\/\/elmetidosv.com\/wp-content\/uploads\/2026\/02\/santeins-2-bueno-1.jpeg 1024w, https:\/\/elmetidosv.com\/wp-content\/uploads\/2026\/02\/santeins-2-bueno-1-300x300.jpeg 300w, https:\/\/elmetidosv.com\/wp-content\/uploads\/2026\/02\/santeins-2-bueno-1-150x150.jpeg 150w, https:\/\/elmetidosv.com\/wp-content\/uploads\/2026\/02\/santeins-2-bueno-1-768x768.jpeg 768w\" sizes=\"auto, (max-width: 1024px) 100vw, 1024px\" \/><\/figure>\n<\/figure>\n","protected":false},"excerpt":{"rendered":"<p>Sensuntepeque, Caba\u00f1as Este. \u2014 Un fuerte incendio estructural se registr\u00f3 la ma\u00f1ana de este viernes en las instalaciones del Centro<\/p>\n","protected":false},"author":2,"featured_media":24953,"comment_status":"closed","ping_status":"","sticky":false,"template":"","format":"standard","meta":{"colormag_page_container_layout":"default_layout","colormag_page_sidebar_layout":"default_layout","footnotes":""},"categories":[1],"tags":[96,856,6196,1684,6195,463,6197,330,1422,6198,6194,85,66,1686],"class_list":["post-24952","post","type-post","status-publish","format-standard","has-post-thumbnail","hentry","category-nacional","tag-autoridades","tag-bomberos","tag-bomberos-controlan-incendio-2026","tag-cabanas","tag-centro-de-gobierno-incendio-el-salvador","tag-danos-materiales","tag-danos-materiales-edificio-publico","tag-emergencia","tag-incendio","tag-incendio-estructural-cabanas-este-tags-el-salvador","tag-incendio-sensuntepeque-cabanas","tag-pnc","tag-proteccion-civil","tag-sensuntepeque"],"_links":{"self":[{"href":"https:\/\/elmetidosv.com\/index.php?rest_route=\/wp\/v2\/posts\/24952","targetHints":{"allow":["GET"]}}],"collection":[{"href":"https:\/\/elmetidosv.com\/index.php?rest_route=\/wp\/v2\/posts"}],"about":[{"href":"https:\/\/elmetidosv.com\/index.php?rest_route=\/wp\/v2\/types\/post"}],"author":[{"embeddable":true,"href":"https:\/\/elmetidosv.com\/index.php?rest_route=\/wp\/v2\/users\/2"}],"replies":[{"embeddable":true,"href":"https:\/\/elmetidosv.com\/index.php?rest_route=%2Fwp%2Fv2%2Fcomments&post=24952"}],"version-history":[{"count":1,"href":"https:\/\/elmetidosv.com\/index.php?rest_route=\/wp\/v2\/posts\/24952\/revisions"}],"predecessor-version":[{"id":24956,"href":"https:\/\/elmetidosv.com\/index.php?rest_route=\/wp\/v2\/posts\/24952\/revisions\/24956"}],"wp:featuredmedia":[{"embeddable":true,"href":"https:\/\/elmetidosv.com\/index.php?rest_route=\/wp\/v2\/media\/24953"}],"wp:attachment":[{"href":"https:\/\/elmetidosv.com\/index.php?rest_route=%2Fwp%2Fv2%2Fmedia&parent=24952"}],"wp:term":[{"taxonomy":"category","embeddable":true,"href":"https:\/\/elmetidosv.com\/index.php?rest_route=%2Fwp%2Fv2%2Fcategories&post=24952"},{"taxonomy":"post_tag","embeddable":true,"href":"https:\/\/elmetidosv.com\/index.php?rest_route=%2Fwp%2Fv2%2Ftags&post=24952"}],"curies":[{"name":"wp","href":"https:\/\/api.w.org\/{rel}","templated":true}]}}