{"id":24946,"date":"2026-03-27T08:45:34","date_gmt":"2026-03-27T14:45:34","guid":{"rendered":"https:\/\/elmetidosv.com\/?p=24946"},"modified":"2026-03-27T08:45:34","modified_gmt":"2026-03-27T14:45:34","slug":"racha-de-accidentes-de-transito-deja-varios-lesionados-en-santa-ana","status":"publish","type":"post","link":"https:\/\/elmetidosv.com\/?p=24946","title":{"rendered":"RACHA DE ACCIDENTES DE TR\u00c1NSITO DEJA VARIOS LESIONADOS EN SANTA ANA"},"content":{"rendered":"\n<figure class=\"wp-block-gallery has-nested-images columns-default is-cropped wp-block-gallery-1 is-layout-flex wp-block-gallery-is-layout-flex\">\n<figure class=\"wp-block-image size-large\"><img loading=\"lazy\" decoding=\"async\" width=\"1024\" height=\"473\" data-id=\"24948\" src=\"https:\/\/elmetidosv.com\/wp-content\/uploads\/2026\/03\/ACCI-2-4-1024x473.jpg\" alt=\"\" class=\"wp-image-24948\" srcset=\"https:\/\/elmetidosv.com\/wp-content\/uploads\/2026\/03\/ACCI-2-4-1024x473.jpg 1024w, https:\/\/elmetidosv.com\/wp-content\/uploads\/2026\/03\/ACCI-2-4-300x138.jpg 300w, https:\/\/elmetidosv.com\/wp-content\/uploads\/2026\/03\/ACCI-2-4-768x355.jpg 768w, https:\/\/elmetidosv.com\/wp-content\/uploads\/2026\/03\/ACCI-2-4-1536x709.jpg 1536w, https:\/\/elmetidosv.com\/wp-content\/uploads\/2026\/03\/ACCI-2-4-2048x945.jpg 2048w\" sizes=\"auto, (max-width: 1024px) 100vw, 1024px\" \/><\/figure>\n<\/figure>\n\n\n\n<p>Santa Ana, El Salvador. \u2014 Una serie de accidentes de tr\u00e1nsito registrados en distintos puntos del departamento de Santa Ana dej\u00f3 m\u00faltiples personas lesionadas, varias de ellas con traumas de consideraci\u00f3n, seg\u00fan reportes de cuerpos de socorro.<br>Uno de los percances ocurri\u00f3 en la intersecci\u00f3n de la 8\u00aa calle poniente y 6\u00aa avenida sur, donde socorristas atendieron a una mujer con trauma craneoencef\u00e1lico leve, quien se encontraba acompa\u00f1ada de una menor de edad que no presentaba lesiones. Ambas fueron evaluadas y trasladadas al Hospital del Seguro Social de Santa Ana.<\/p>\n\n\n\n<figure class=\"wp-block-gallery has-nested-images columns-default is-cropped wp-block-gallery-2 is-layout-flex wp-block-gallery-is-layout-flex\">\n<figure class=\"wp-block-image size-large\"><img loading=\"lazy\" decoding=\"async\" width=\"1024\" height=\"577\" data-id=\"24949\" src=\"https:\/\/elmetidosv.com\/wp-content\/uploads\/2026\/03\/ACCI-3-2-1024x577.jpg\" alt=\"\" class=\"wp-image-24949\" srcset=\"https:\/\/elmetidosv.com\/wp-content\/uploads\/2026\/03\/ACCI-3-2-1024x577.jpg 1024w, https:\/\/elmetidosv.com\/wp-content\/uploads\/2026\/03\/ACCI-3-2-300x169.jpg 300w, https:\/\/elmetidosv.com\/wp-content\/uploads\/2026\/03\/ACCI-3-2-768x432.jpg 768w, https:\/\/elmetidosv.com\/wp-content\/uploads\/2026\/03\/ACCI-3-2-1536x865.jpg 1536w, https:\/\/elmetidosv.com\/wp-content\/uploads\/2026\/03\/ACCI-3-2.jpg 2048w\" sizes=\"auto, (max-width: 1024px) 100vw, 1024px\" \/><\/figure>\n<\/figure>\n\n\n\n<p><br>En otro hecho, sobre la 33\u00aa calle poniente, entre calle Libertad y 2\u00aa avenida sur, un motociclista de 23 a\u00f1os result\u00f3 con trauma craneoencef\u00e1lico moderado y posible fractura en una de sus extremidades, por lo que fue trasladado al Hospital San Juan de Dios.<br>Asimismo, durante la madrugada del viernes 27 de marzo, un accidente en el redondel Santa Mar\u00eda dej\u00f3 a un hombre de 73 a\u00f1os atrapado dentro de su veh\u00edculo. Equipos de Cruz Verde Salvadore\u00f1a, en conjunto con Protecci\u00f3n Civil, realizaron labores de rescate vehicular para liberarlo. El paciente fue trasladado con diagn\u00f3stico de abdomen agudo y m\u00faltiples traumas, mientras que su acompa\u00f1ante tambi\u00e9n fue llevado al mismo centro asistencial.<\/p>\n\n\n\n<figure class=\"wp-block-gallery has-nested-images columns-default is-cropped wp-block-gallery-3 is-layout-flex wp-block-gallery-is-layout-flex\">\n<figure class=\"wp-block-image size-large\"><img loading=\"lazy\" decoding=\"async\" width=\"1024\" height=\"577\" data-id=\"24950\" src=\"https:\/\/elmetidosv.com\/wp-content\/uploads\/2026\/03\/ACCI-4-1024x577.jpg\" alt=\"\" class=\"wp-image-24950\" srcset=\"https:\/\/elmetidosv.com\/wp-content\/uploads\/2026\/03\/ACCI-4-1024x577.jpg 1024w, https:\/\/elmetidosv.com\/wp-content\/uploads\/2026\/03\/ACCI-4-300x169.jpg 300w, https:\/\/elmetidosv.com\/wp-content\/uploads\/2026\/03\/ACCI-4-768x432.jpg 768w, https:\/\/elmetidosv.com\/wp-content\/uploads\/2026\/03\/ACCI-4-1536x865.jpg 1536w, https:\/\/elmetidosv.com\/wp-content\/uploads\/2026\/03\/ACCI-4.jpg 2048w\" sizes=\"auto, (max-width: 1024px) 100vw, 1024px\" \/><\/figure>\n<\/figure>\n\n\n\n<p><br>En otro incidente registrado en la carretera que de Santa Ana conduce hacia Chalchuapa, a la altura de la pasarela SAO, al menos 10 personas resultaron lesionadas tras un accidente que involucr\u00f3 un microb\u00fas con estudiantes universitarios. De acuerdo con versiones preliminares, el veh\u00edculo fue impactado en la parte trasera por otro automotor. Varias de las v\u00edctimas fueron trasladadas a centros asistenciales, algunas en condici\u00f3n estable.<br>Adem\u00e1s, un motociclista result\u00f3 lesionado en la carretera hacia Metap\u00e1n, donde fue atendido por socorristas de Cruz Verde El Congo, quienes lo estabilizaron y trasladaron a un hospital.<br>Las autoridades reiteraron el llamado a los conductores a respetar las normas de tr\u00e1nsito y mantener precauci\u00f3n en las v\u00edas, ante el incremento de incidentes viales registrados en la zona.<\/p>\n\n\n\n<figure class=\"wp-block-gallery has-nested-images columns-default is-cropped wp-block-gallery-4 is-layout-flex wp-block-gallery-is-layout-flex\">\n<figure class=\"wp-block-image size-large\"><img loading=\"lazy\" decoding=\"async\" width=\"1024\" height=\"1024\" data-id=\"23574\" src=\"https:\/\/elmetidosv.com\/wp-content\/uploads\/2026\/02\/santeins-2-bueno.jpeg\" alt=\"\" class=\"wp-image-23574\" srcset=\"https:\/\/elmetidosv.com\/wp-content\/uploads\/2026\/02\/santeins-2-bueno.jpeg 1024w, https:\/\/elmetidosv.com\/wp-content\/uploads\/2026\/02\/santeins-2-bueno-300x300.jpeg 300w, https:\/\/elmetidosv.com\/wp-content\/uploads\/2026\/02\/santeins-2-bueno-150x150.jpeg 150w, https:\/\/elmetidosv.com\/wp-content\/uploads\/2026\/02\/santeins-2-bueno-768x768.jpeg 768w\" sizes=\"auto, (max-width: 1024px) 100vw, 1024px\" \/><\/figure>\n<\/figure>\n","protected":false},"excerpt":{"rendered":"<p>Santa Ana, El Salvador. \u2014 Una serie de accidentes de tr\u00e1nsito registrados en distintos puntos del departamento de Santa Ana<\/p>\n","protected":false},"author":2,"featured_media":24947,"comment_status":"closed","ping_status":"","sticky":false,"template":"","format":"standard","meta":{"colormag_page_container_layout":"default_layout","colormag_page_sidebar_layout":"default_layout","footnotes":""},"categories":[1],"tags":[6189,740,6191,1585,149,6188,163,860,6190,776,6193,382,33,122,6192,120],"class_list":["post-24946","post","type-post","status-publish","format-standard","has-post-thumbnail","hentry","category-nacional","tag-accidente-chalchuapa-estudiantes","tag-accidentes","tag-accidentes-santa-ana-hoy","tag-chalchuapa","tag-cruz-verde","tag-cruz-verde-rescate-vehicular","tag-hospitales","tag-lesionados","tag-lesionados-transito-santa-ana","tag-metapan","tag-motociclista-lesionado-metapan","tag-rescate","tag-santa-ana","tag-seguridad-vial","tag-trafico-santa-ana-el-salvador-tags-el-salvador","tag-transito"],"_links":{"self":[{"href":"https:\/\/elmetidosv.com\/index.php?rest_route=\/wp\/v2\/posts\/24946","targetHints":{"allow":["GET"]}}],"collection":[{"href":"https:\/\/elmetidosv.com\/index.php?rest_route=\/wp\/v2\/posts"}],"about":[{"href":"https:\/\/elmetidosv.com\/index.php?rest_route=\/wp\/v2\/types\/post"}],"author":[{"embeddable":true,"href":"https:\/\/elmetidosv.com\/index.php?rest_route=\/wp\/v2\/users\/2"}],"replies":[{"embeddable":true,"href":"https:\/\/elmetidosv.com\/index.php?rest_route=%2Fwp%2Fv2%2Fcomments&post=24946"}],"version-history":[{"count":1,"href":"https:\/\/elmetidosv.com\/index.php?rest_route=\/wp\/v2\/posts\/24946\/revisions"}],"predecessor-version":[{"id":24951,"href":"https:\/\/elmetidosv.com\/index.php?rest_route=\/wp\/v2\/posts\/24946\/revisions\/24951"}],"wp:featuredmedia":[{"embeddable":true,"href":"https:\/\/elmetidosv.com\/index.php?rest_route=\/wp\/v2\/media\/24947"}],"wp:attachment":[{"href":"https:\/\/elmetidosv.com\/index.php?rest_route=%2Fwp%2Fv2%2Fmedia&parent=24946"}],"wp:term":[{"taxonomy":"category","embeddable":true,"href":"https:\/\/elmetidosv.com\/index.php?rest_route=%2Fwp%2Fv2%2Fcategories&post=24946"},{"taxonomy":"post_tag","embeddable":true,"href":"https:\/\/elmetidosv.com\/index.php?rest_route=%2Fwp%2Fv2%2Ftags&post=24946"}],"curies":[{"name":"wp","href":"https:\/\/api.w.org\/{rel}","templated":true}]}}