{"id":24781,"date":"2026-03-24T08:30:55","date_gmt":"2026-03-24T14:30:55","guid":{"rendered":"https:\/\/elmetidosv.com\/?p=24781"},"modified":"2026-03-24T08:30:55","modified_gmt":"2026-03-24T14:30:55","slug":"padre-e-hijo-entre-las-victimas-de-ataque-armado-en-ciudad-de-guatemala","status":"publish","type":"post","link":"https:\/\/elmetidosv.com\/?p=24781","title":{"rendered":"PADRE E HIJO ENTRE LAS V\u00cdCTIMAS DE ATAQUE ARMADO EN CIUDAD DE GUATEMALA"},"content":{"rendered":"\n<figure class=\"wp-block-image size-large\"><img loading=\"lazy\" decoding=\"async\" width=\"1024\" height=\"909\" src=\"https:\/\/elmetidosv.com\/wp-content\/uploads\/2026\/03\/guate-2-1024x909.jpg\" alt=\"\" class=\"wp-image-24783\" srcset=\"https:\/\/elmetidosv.com\/wp-content\/uploads\/2026\/03\/guate-2-1024x909.jpg 1024w, https:\/\/elmetidosv.com\/wp-content\/uploads\/2026\/03\/guate-2-300x266.jpg 300w, https:\/\/elmetidosv.com\/wp-content\/uploads\/2026\/03\/guate-2-768x682.jpg 768w, https:\/\/elmetidosv.com\/wp-content\/uploads\/2026\/03\/guate-2.jpg 1215w\" sizes=\"auto, (max-width: 1024px) 100vw, 1024px\" \/><\/figure>\n\n\n\n<p>Tres personas fallecieron tras un ataque armado registrado en la zona 1 de Ciudad de Guatemala, entre ellas un padre y su hijo, seg\u00fan reportes preliminares difundidos por medios locales.<\/p>\n\n\n\n<p>El hecho ocurri\u00f3 en la 3ra avenida y 19 calle del centro de la capital guatemalteca, donde, de acuerdo con testimonios de testigos, varios individuos que se movilizaban en motocicletas llegaron al lugar y realizaron m\u00faltiples disparos contra un grupo de personas que se encontraba en la zona.<\/p>\n\n\n\n<p>Como resultado del ataque, tres hombres murieron en el lugar. Entre las v\u00edctimas se confirm\u00f3 la relaci\u00f3n familiar entre dos de ellos, un padre y su hijo, lo que ha generado conmoci\u00f3n entre residentes del sector y familiares que acudieron al sitio tras conocer la noticia.<\/p>\n\n\n\n<p>Autoridades de Guatemala iniciaron las investigaciones para esclarecer las circunstancias del hecho y determinar la identidad de los responsables.<\/p>\n\n\n\n<p>El incidente ocurri\u00f3 en una zona c\u00e9ntrica y de alto tr\u00e1nsito de la capital, lo que gener\u00f3 la movilizaci\u00f3n de equipos de seguridad y personal forense para realizar el procesamiento de la escena.<\/p>\n\n\n\n<figure class=\"wp-block-image size-large\"><img loading=\"lazy\" decoding=\"async\" width=\"878\" height=\"1024\" src=\"https:\/\/elmetidosv.com\/wp-content\/uploads\/2026\/03\/guate-3-878x1024.jpg\" alt=\"\" class=\"wp-image-24784\" srcset=\"https:\/\/elmetidosv.com\/wp-content\/uploads\/2026\/03\/guate-3-878x1024.jpg 878w, https:\/\/elmetidosv.com\/wp-content\/uploads\/2026\/03\/guate-3-257x300.jpg 257w, https:\/\/elmetidosv.com\/wp-content\/uploads\/2026\/03\/guate-3-768x896.jpg 768w, https:\/\/elmetidosv.com\/wp-content\/uploads\/2026\/03\/guate-3.jpg 1220w\" sizes=\"auto, (max-width: 878px) 100vw, 878px\" \/><\/figure>\n","protected":false},"excerpt":{"rendered":"<p>Tres personas fallecieron tras un ataque armado registrado en la zona 1 de Ciudad de Guatemala, entre ellas un padre<\/p>\n","protected":false},"author":2,"featured_media":24782,"comment_status":"closed","ping_status":"","sticky":false,"template":"","format":"standard","meta":{"colormag_page_container_layout":"default_layout","colormag_page_sidebar_layout":"default_layout","footnotes":""},"categories":[3],"tags":[939,5915,5920,5919,96,5925,5926,5921,167,1316,22,5922,5923,29,5924,5917,93,917,1812,5918,3011,216,5916,944],"class_list":["post-24781","post","type-post","status-publish","format-standard","has-post-thumbnail","hentry","category-internacional","tag-ataque-armado","tag-ataque-armado-en-ciudad-de-guatemala","tag-ataque-en-3ra-avenida-19-calle-guatemala","tag-ataque-en-zona-1-guatemala","tag-autoridades","tag-centro-historico-guatemala","tag-comunidad-2","tag-disparos-en-zona-1","tag-guatemala","tag-hechos-violentos","tag-investigacion","tag-investigacion-ataque-armado-guatemala","tag-noticias-guatemala-hoy-tags-ciudad-de-guatemala","tag-noticias-internacionales","tag-padre-e-hijo","tag-padre-e-hijo-victimas-guatemala","tag-seguridad","tag-seguridad-en-guatemala","tag-sucesos-guatemala","tag-tres-fallecidos-en-ciudad-de-guatemala","tag-victimas","tag-violencia","tag-violencia-en-guatemala-capital","tag-zona-1"],"_links":{"self":[{"href":"https:\/\/elmetidosv.com\/index.php?rest_route=\/wp\/v2\/posts\/24781","targetHints":{"allow":["GET"]}}],"collection":[{"href":"https:\/\/elmetidosv.com\/index.php?rest_route=\/wp\/v2\/posts"}],"about":[{"href":"https:\/\/elmetidosv.com\/index.php?rest_route=\/wp\/v2\/types\/post"}],"author":[{"embeddable":true,"href":"https:\/\/elmetidosv.com\/index.php?rest_route=\/wp\/v2\/users\/2"}],"replies":[{"embeddable":true,"href":"https:\/\/elmetidosv.com\/index.php?rest_route=%2Fwp%2Fv2%2Fcomments&post=24781"}],"version-history":[{"count":1,"href":"https:\/\/elmetidosv.com\/index.php?rest_route=\/wp\/v2\/posts\/24781\/revisions"}],"predecessor-version":[{"id":24785,"href":"https:\/\/elmetidosv.com\/index.php?rest_route=\/wp\/v2\/posts\/24781\/revisions\/24785"}],"wp:featuredmedia":[{"embeddable":true,"href":"https:\/\/elmetidosv.com\/index.php?rest_route=\/wp\/v2\/media\/24782"}],"wp:attachment":[{"href":"https:\/\/elmetidosv.com\/index.php?rest_route=%2Fwp%2Fv2%2Fmedia&parent=24781"}],"wp:term":[{"taxonomy":"category","embeddable":true,"href":"https:\/\/elmetidosv.com\/index.php?rest_route=%2Fwp%2Fv2%2Fcategories&post=24781"},{"taxonomy":"post_tag","embeddable":true,"href":"https:\/\/elmetidosv.com\/index.php?rest_route=%2Fwp%2Fv2%2Ftags&post=24781"}],"curies":[{"name":"wp","href":"https:\/\/api.w.org\/{rel}","templated":true}]}}