{"id":2467,"date":"2020-05-06T13:41:18","date_gmt":"2020-05-06T19:41:18","guid":{"rendered":"http:\/\/elmetidosve.com\/?p=2467"},"modified":"2020-05-06T13:41:24","modified_gmt":"2020-05-06T19:41:24","slug":"mujer-de-72-anos-fallece-por-covid-19-en-el-salvador-este-miercoles","status":"publish","type":"post","link":"https:\/\/elmetidosv.com\/?p=2467","title":{"rendered":"Mujer de 72 a\u00f1os fallece por COVID-19 en El Salvador este mi\u00e9rcoles"},"content":{"rendered":"\n<p>Una persona m\u00e1s falleci\u00f3 por el nuevo coronavirus COVID-19 en El Salvador, inform\u00f3, esta ma\u00f1ana de mi\u00e9rcoles, el Ministerio de Salud (MINSAL).<\/p>\n\n\n\n<p>Se trata de una paciente femenina de 72 a\u00f1os con antecedente de diabetes e hipertensi\u00f3n, la paciente recibi\u00f3 todo el protocolo que se aplica en la Unidad de Cuidados Intensivos (UCI), agregaron las autoridades en sus redes sociales.<\/p>\n\n\n\n<p>Con este nuevo deceso, El Salvador contabiliza 15 fallecimientos por COVID-19. Por el momento las autoridades reportan 633 casos, de los cuales 399 est\u00e1n activos y 219 han vencido al virus.<\/p>\n","protected":false},"excerpt":{"rendered":"<p>Una persona m\u00e1s falleci\u00f3 por el nuevo coronavirus COVID-19 en El Salvador, inform\u00f3, esta ma\u00f1ana de mi\u00e9rcoles, el Ministerio de<\/p>\n","protected":false},"author":1,"featured_media":2468,"comment_status":"open","ping_status":"open","sticky":false,"template":"","format":"standard","meta":{"colormag_page_container_layout":"default_layout","colormag_page_sidebar_layout":"default_layout","footnotes":""},"categories":[1],"tags":[],"class_list":["post-2467","post","type-post","status-publish","format-standard","has-post-thumbnail","hentry","category-nacional"],"_links":{"self":[{"href":"https:\/\/elmetidosv.com\/index.php?rest_route=\/wp\/v2\/posts\/2467","targetHints":{"allow":["GET"]}}],"collection":[{"href":"https:\/\/elmetidosv.com\/index.php?rest_route=\/wp\/v2\/posts"}],"about":[{"href":"https:\/\/elmetidosv.com\/index.php?rest_route=\/wp\/v2\/types\/post"}],"author":[{"embeddable":true,"href":"https:\/\/elmetidosv.com\/index.php?rest_route=\/wp\/v2\/users\/1"}],"replies":[{"embeddable":true,"href":"https:\/\/elmetidosv.com\/index.php?rest_route=%2Fwp%2Fv2%2Fcomments&post=2467"}],"version-history":[{"count":1,"href":"https:\/\/elmetidosv.com\/index.php?rest_route=\/wp\/v2\/posts\/2467\/revisions"}],"predecessor-version":[{"id":2469,"href":"https:\/\/elmetidosv.com\/index.php?rest_route=\/wp\/v2\/posts\/2467\/revisions\/2469"}],"wp:featuredmedia":[{"embeddable":true,"href":"https:\/\/elmetidosv.com\/index.php?rest_route=\/wp\/v2\/media\/2468"}],"wp:attachment":[{"href":"https:\/\/elmetidosv.com\/index.php?rest_route=%2Fwp%2Fv2%2Fmedia&parent=2467"}],"wp:term":[{"taxonomy":"category","embeddable":true,"href":"https:\/\/elmetidosv.com\/index.php?rest_route=%2Fwp%2Fv2%2Fcategories&post=2467"},{"taxonomy":"post_tag","embeddable":true,"href":"https:\/\/elmetidosv.com\/index.php?rest_route=%2Fwp%2Fv2%2Ftags&post=2467"}],"curies":[{"name":"wp","href":"https:\/\/api.w.org\/{rel}","templated":true}]}}