{"id":245,"date":"2020-02-27T11:56:13","date_gmt":"2020-02-27T17:56:13","guid":{"rendered":"http:\/\/elmetidosve.com\/?p=245"},"modified":"2020-02-27T11:56:20","modified_gmt":"2020-02-27T17:56:20","slug":"policia-captura-a-sujeto-con-droga-en-la-union","status":"publish","type":"post","link":"https:\/\/elmetidosv.com\/?p=245","title":{"rendered":"Polic\u00eda captura a sujeto con droga en La Uni\u00f3n"},"content":{"rendered":"\n<figure class=\"wp-block-image alignwide size-large\"><img loading=\"lazy\" decoding=\"async\" width=\"278\" height=\"506\" src=\"http:\/\/elmetidosve.com\/wp-content\/uploads\/2020\/02\/WhatsApp-Image-2020-02-27-at-11.23.49-AM.jpeg\" alt=\"\" class=\"wp-image-246\" srcset=\"https:\/\/elmetidosv.com\/wp-content\/uploads\/2020\/02\/WhatsApp-Image-2020-02-27-at-11.23.49-AM.jpeg 278w, https:\/\/elmetidosv.com\/wp-content\/uploads\/2020\/02\/WhatsApp-Image-2020-02-27-at-11.23.49-AM-165x300.jpeg 165w\" sizes=\"auto, (max-width: 278px) 100vw, 278px\" \/><\/figure>\n\n\n\n<p>Polic\u00edas de la Divisi\u00f3n de Seguridad Fronteriza capturaron en flagrancia a Eleazar L\u00f3pez, de 31 a\u00f1os, acusado del delito de tr\u00e1fico il\u00edcito de droga, durante un procedimiento realizado en el municipio de Pasaquina, en el departamento de La Uni\u00f3n.<\/p>\n\n\n\n<p>De acuerdo a los informes, el sujeto fue interceptado cuando circulaba sobre el kil\u00f3metro 26 de la carretera Panamericana, cant\u00f3n San Jos\u00e9, en el municipio de Pasaquina, en La Uni\u00f3n y al efectuarle un registro le fueron localizadas 20 porciones de coca\u00edna, valoradas aproximadamente en $300. <\/p>\n\n\n\n<figure class=\"wp-block-image alignwide size-large\"><img loading=\"lazy\" decoding=\"async\" width=\"621\" height=\"978\" src=\"http:\/\/elmetidosve.com\/wp-content\/uploads\/2020\/02\/WhatsApp-Image-2020-02-27-at-11.23.49-AM-1.jpeg\" alt=\"\" class=\"wp-image-247\" srcset=\"https:\/\/elmetidosv.com\/wp-content\/uploads\/2020\/02\/WhatsApp-Image-2020-02-27-at-11.23.49-AM-1.jpeg 621w, https:\/\/elmetidosv.com\/wp-content\/uploads\/2020\/02\/WhatsApp-Image-2020-02-27-at-11.23.49-AM-1-190x300.jpeg 190w\" sizes=\"auto, (max-width: 621px) 100vw, 621px\" \/><\/figure>\n\n\n\n<p>El tr\u00e1fico il\u00edcito de drogas est\u00e1 tipificado en el art\u00edculo 33 de la Ley reguladora de las actividades relativas a la droga. En las pr\u00f3ximas horas el detenido ser\u00e1 puesto a la orden de los tribunales correspondientes.<\/p>\n","protected":false},"excerpt":{"rendered":"<p>Polic\u00edas de la Divisi\u00f3n de Seguridad Fronteriza capturaron en flagrancia a Eleazar L\u00f3pez, de 31 a\u00f1os, acusado del delito de<\/p>\n","protected":false},"author":1,"featured_media":249,"comment_status":"open","ping_status":"open","sticky":false,"template":"","format":"standard","meta":{"colormag_page_container_layout":"default_layout","colormag_page_sidebar_layout":"default_layout","footnotes":""},"categories":[1],"tags":[],"class_list":["post-245","post","type-post","status-publish","format-standard","has-post-thumbnail","hentry","category-nacional"],"_links":{"self":[{"href":"https:\/\/elmetidosv.com\/index.php?rest_route=\/wp\/v2\/posts\/245","targetHints":{"allow":["GET"]}}],"collection":[{"href":"https:\/\/elmetidosv.com\/index.php?rest_route=\/wp\/v2\/posts"}],"about":[{"href":"https:\/\/elmetidosv.com\/index.php?rest_route=\/wp\/v2\/types\/post"}],"author":[{"embeddable":true,"href":"https:\/\/elmetidosv.com\/index.php?rest_route=\/wp\/v2\/users\/1"}],"replies":[{"embeddable":true,"href":"https:\/\/elmetidosv.com\/index.php?rest_route=%2Fwp%2Fv2%2Fcomments&post=245"}],"version-history":[{"count":1,"href":"https:\/\/elmetidosv.com\/index.php?rest_route=\/wp\/v2\/posts\/245\/revisions"}],"predecessor-version":[{"id":248,"href":"https:\/\/elmetidosv.com\/index.php?rest_route=\/wp\/v2\/posts\/245\/revisions\/248"}],"wp:featuredmedia":[{"embeddable":true,"href":"https:\/\/elmetidosv.com\/index.php?rest_route=\/wp\/v2\/media\/249"}],"wp:attachment":[{"href":"https:\/\/elmetidosv.com\/index.php?rest_route=%2Fwp%2Fv2%2Fmedia&parent=245"}],"wp:term":[{"taxonomy":"category","embeddable":true,"href":"https:\/\/elmetidosv.com\/index.php?rest_route=%2Fwp%2Fv2%2Fcategories&post=245"},{"taxonomy":"post_tag","embeddable":true,"href":"https:\/\/elmetidosv.com\/index.php?rest_route=%2Fwp%2Fv2%2Ftags&post=245"}],"curies":[{"name":"wp","href":"https:\/\/api.w.org\/{rel}","templated":true}]}}