{"id":24461,"date":"2026-03-10T10:13:04","date_gmt":"2026-03-10T16:13:04","guid":{"rendered":"https:\/\/elmetidosv.com\/?p=24461"},"modified":"2026-03-10T10:13:04","modified_gmt":"2026-03-10T16:13:04","slug":"conductor-resulta-lesionado-tras-accidente-de-rastra-en-cara-sucia-ahuachapan","status":"publish","type":"post","link":"https:\/\/elmetidosv.com\/?p=24461","title":{"rendered":"CONDUCTOR RESULTA LESIONADO TRAS ACCIDENTE DE RASTRA EN CARA SUCIA, AHUACHAP\u00c1N"},"content":{"rendered":"\n<figure class=\"wp-block-image size-full\"><img loading=\"lazy\" decoding=\"async\" width=\"720\" height=\"764\" src=\"https:\/\/elmetidosv.com\/wp-content\/uploads\/2026\/03\/rastra-2.jpeg\" alt=\"\" class=\"wp-image-24463\" srcset=\"https:\/\/elmetidosv.com\/wp-content\/uploads\/2026\/03\/rastra-2.jpeg 720w, https:\/\/elmetidosv.com\/wp-content\/uploads\/2026\/03\/rastra-2-283x300.jpeg 283w\" sizes=\"auto, (max-width: 720px) 100vw, 720px\" \/><\/figure>\n\n\n\n<p>Cara Sucia, Ahuachap\u00e1n, El Salvador \u2014 El conductor de una rastra result\u00f3 lesionado luego de verse involucrado en un accidente de tr\u00e1nsito registrado en el distrito de Cara Sucia, en el departamento de Ahuachap\u00e1n, informaron fuentes de socorro.<br>De acuerdo con versiones de testigos, el veh\u00edculo de carga habr\u00eda perdido el control mientras circulaba por la zona, lo que provoc\u00f3 que se saliera de la v\u00eda y terminara impactando contra un \u00e1rbol.<br>Tras el percance, vecinos del sector alertaron de inmediato a los cuerpos de emergencia al percatarse de que el conductor hab\u00eda quedado atrapado dentro de la cabina del veh\u00edculo.<br>Equipos de rescate del Cuerpo de Bomberos de El Salvador y de Cruz Blanca Salvadore\u00f1a acudieron al lugar para realizar labores de liberaci\u00f3n y brindar atenci\u00f3n prehospitalaria al conductor.<br>El lesionado fue identificado preliminarmente como Jonathan B., quien habr\u00eda sufrido lesiones en las piernas producto del impacto. Posteriormente fue trasladado hacia el Hospital Nacional Jorge Mazzini para recibir atenci\u00f3n m\u00e9dica especializada.<br>Hasta el momento, las autoridades no han informado sobre las causas exactas del accidente. Instituciones de socorro reiteraron el llamado a los conductores a mantener la precauci\u00f3n al circular por las carreteras del pa\u00eds y respetar las normas de tr\u00e1nsito para prevenir este tipo de incidentes.<\/p>\n\n\n\n<figure class=\"wp-block-image size-full\"><img loading=\"lazy\" decoding=\"async\" width=\"1024\" height=\"1024\" src=\"https:\/\/elmetidosv.com\/wp-content\/uploads\/2026\/02\/santeins-2-bueno.jpeg\" alt=\"\" class=\"wp-image-23574\" srcset=\"https:\/\/elmetidosv.com\/wp-content\/uploads\/2026\/02\/santeins-2-bueno.jpeg 1024w, https:\/\/elmetidosv.com\/wp-content\/uploads\/2026\/02\/santeins-2-bueno-300x300.jpeg 300w, https:\/\/elmetidosv.com\/wp-content\/uploads\/2026\/02\/santeins-2-bueno-150x150.jpeg 150w, https:\/\/elmetidosv.com\/wp-content\/uploads\/2026\/02\/santeins-2-bueno-768x768.jpeg 768w\" sizes=\"auto, (max-width: 1024px) 100vw, 1024px\" \/><\/figure>\n","protected":false},"excerpt":{"rendered":"<p>Cara Sucia, Ahuachap\u00e1n, El Salvador \u2014 El conductor de una rastra result\u00f3 lesionado luego de verse involucrado en un accidente<\/p>\n","protected":false},"author":2,"featured_media":24462,"comment_status":"closed","ping_status":"","sticky":false,"template":"","format":"standard","meta":{"colormag_page_container_layout":"default_layout","colormag_page_sidebar_layout":"default_layout","footnotes":""},"categories":[1],"tags":[5084,110,5085,5092,5087,40,4711,5094,5090,5095,58,121,891,5093,5070,414,5089,5088,5091,1739,5086],"class_list":["post-24461","post","type-post","status-publish","format-standard","has-post-thumbnail","hentry","category-nacional","tag-accidente-de-rastra-en-cara-sucia","tag-accidente-de-transito","tag-accidente-de-transito-ahuachapan","tag-accidente-de-transporte-pesado-el-salvador","tag-accidente-vial-cara-sucia","tag-ahuachapan","tag-cara-sucia","tag-conductor-lesionado","tag-conductor-lesionado-en-ahuachapan","tag-cruz-blanca-salvadorena","tag-cuerpo-de-bomberos-de-el-salvador","tag-emergencias","tag-hospital-jorge-mazzini","tag-noticias-de-transito-el-salvador-tags-el-salvador","tag-noticias-el-salvador-2","tag-rastra","tag-rastra-se-estrella-contra-arbol","tag-rescate-de-bomberos-el-salvador","tag-rescate-de-conductor-atrapado-el-salvador","tag-rescate-vehicular","tag-traslado-a-hospital-jorge-mazzini"],"_links":{"self":[{"href":"https:\/\/elmetidosv.com\/index.php?rest_route=\/wp\/v2\/posts\/24461","targetHints":{"allow":["GET"]}}],"collection":[{"href":"https:\/\/elmetidosv.com\/index.php?rest_route=\/wp\/v2\/posts"}],"about":[{"href":"https:\/\/elmetidosv.com\/index.php?rest_route=\/wp\/v2\/types\/post"}],"author":[{"embeddable":true,"href":"https:\/\/elmetidosv.com\/index.php?rest_route=\/wp\/v2\/users\/2"}],"replies":[{"embeddable":true,"href":"https:\/\/elmetidosv.com\/index.php?rest_route=%2Fwp%2Fv2%2Fcomments&post=24461"}],"version-history":[{"count":1,"href":"https:\/\/elmetidosv.com\/index.php?rest_route=\/wp\/v2\/posts\/24461\/revisions"}],"predecessor-version":[{"id":24464,"href":"https:\/\/elmetidosv.com\/index.php?rest_route=\/wp\/v2\/posts\/24461\/revisions\/24464"}],"wp:featuredmedia":[{"embeddable":true,"href":"https:\/\/elmetidosv.com\/index.php?rest_route=\/wp\/v2\/media\/24462"}],"wp:attachment":[{"href":"https:\/\/elmetidosv.com\/index.php?rest_route=%2Fwp%2Fv2%2Fmedia&parent=24461"}],"wp:term":[{"taxonomy":"category","embeddable":true,"href":"https:\/\/elmetidosv.com\/index.php?rest_route=%2Fwp%2Fv2%2Fcategories&post=24461"},{"taxonomy":"post_tag","embeddable":true,"href":"https:\/\/elmetidosv.com\/index.php?rest_route=%2Fwp%2Fv2%2Ftags&post=24461"}],"curies":[{"name":"wp","href":"https:\/\/api.w.org\/{rel}","templated":true}]}}