{"id":2446,"date":"2020-05-06T13:05:11","date_gmt":"2020-05-06T19:05:11","guid":{"rendered":"http:\/\/elmetidosve.com\/?p=2446"},"modified":"2020-05-06T13:05:18","modified_gmt":"2020-05-06T19:05:18","slug":"pnc-arresta-a-pandilleros-que-amenazaban-a-habitantes-de-un-canton-de-santa-tecla","status":"publish","type":"post","link":"https:\/\/elmetidosv.com\/?p=2446","title":{"rendered":"PNC arresta a pandilleros que amenazaban a habitantes de un cant\u00f3n de Santa Tecla"},"content":{"rendered":"\n<div class=\"wp-block-image\"><figure class=\"aligncenter size-large\"><img loading=\"lazy\" decoding=\"async\" width=\"417\" height=\"206\" src=\"http:\/\/elmetidosve.com\/wp-content\/uploads\/2020\/05\/00-6.png\" alt=\"\" class=\"wp-image-2447\" srcset=\"https:\/\/elmetidosv.com\/wp-content\/uploads\/2020\/05\/00-6.png 417w, https:\/\/elmetidosv.com\/wp-content\/uploads\/2020\/05\/00-6-300x148.png 300w\" sizes=\"auto, (max-width: 417px) 100vw, 417px\" \/><\/figure><\/div>\n\n\n\n<p>Ocho miembros de una estructura criminal fueron detenidos la madrugada de este mi\u00e9rcoles en el municipio de Santa Tecla del departamento de La Libertad, los cuales est\u00e1n acusados de  limitar la libre circulaci\u00f3n y amenazar a los habitantes de un cant\u00f3n de esta jurisdicci\u00f3n.<\/p>\n\n\n\n<p>Las v\u00edctimas realizaron las denuncias  a una delegaci\u00f3n de la Fiscal\u00eda General de la Rep\u00fablica (FGR) sin revelar su identidad, tras estar cansados de la amenazas de los pandilleros.<\/p>\n\n\n\n<p>Tambi\u00e9n,  fueron capturados en esta madrugada de mi\u00e9rcoles una estructura criminal que robaba  a usuarios de bancos en \u00e1rea metropolitana de San Salvador, explic\u00f3 el fiscal general de la Rep\u00fablica, Ra\u00fal Melara.<\/p>\n\n\n\n<p>Sobre este mismo caso, ser\u00e1n procesados de otro delito. Seg\u00fan las investigaciones,  los sospechosos persiguieron desde un centro comercial a su v\u00edctima hasta llegar a San Miguel y quitarle la vida.<\/p>\n\n\n\n<p>Seg\u00fan la Polic\u00eda Nacional Civil (PNC) se capturaron 22 delincuentes  en un operativo esta madrugada denominado \u201cNuevo Amanecer DA-03\u201d, en los municipios de San Salvador, Ciudad Delgado, Ateos, Col\u00f3n, Zacatecoluca, Tejutla y El Para\u00edso.<\/p>\n","protected":false},"excerpt":{"rendered":"<p>Ocho miembros de una estructura criminal fueron detenidos la madrugada de este mi\u00e9rcoles en el municipio de Santa Tecla del<\/p>\n","protected":false},"author":1,"featured_media":2448,"comment_status":"open","ping_status":"open","sticky":false,"template":"","format":"standard","meta":{"colormag_page_container_layout":"default_layout","colormag_page_sidebar_layout":"default_layout","footnotes":""},"categories":[1],"tags":[],"class_list":["post-2446","post","type-post","status-publish","format-standard","has-post-thumbnail","hentry","category-nacional"],"_links":{"self":[{"href":"https:\/\/elmetidosv.com\/index.php?rest_route=\/wp\/v2\/posts\/2446","targetHints":{"allow":["GET"]}}],"collection":[{"href":"https:\/\/elmetidosv.com\/index.php?rest_route=\/wp\/v2\/posts"}],"about":[{"href":"https:\/\/elmetidosv.com\/index.php?rest_route=\/wp\/v2\/types\/post"}],"author":[{"embeddable":true,"href":"https:\/\/elmetidosv.com\/index.php?rest_route=\/wp\/v2\/users\/1"}],"replies":[{"embeddable":true,"href":"https:\/\/elmetidosv.com\/index.php?rest_route=%2Fwp%2Fv2%2Fcomments&post=2446"}],"version-history":[{"count":1,"href":"https:\/\/elmetidosv.com\/index.php?rest_route=\/wp\/v2\/posts\/2446\/revisions"}],"predecessor-version":[{"id":2449,"href":"https:\/\/elmetidosv.com\/index.php?rest_route=\/wp\/v2\/posts\/2446\/revisions\/2449"}],"wp:featuredmedia":[{"embeddable":true,"href":"https:\/\/elmetidosv.com\/index.php?rest_route=\/wp\/v2\/media\/2448"}],"wp:attachment":[{"href":"https:\/\/elmetidosv.com\/index.php?rest_route=%2Fwp%2Fv2%2Fmedia&parent=2446"}],"wp:term":[{"taxonomy":"category","embeddable":true,"href":"https:\/\/elmetidosv.com\/index.php?rest_route=%2Fwp%2Fv2%2Fcategories&post=2446"},{"taxonomy":"post_tag","embeddable":true,"href":"https:\/\/elmetidosv.com\/index.php?rest_route=%2Fwp%2Fv2%2Ftags&post=2446"}],"curies":[{"name":"wp","href":"https:\/\/api.w.org\/{rel}","templated":true}]}}