{"id":24450,"date":"2026-03-10T09:08:01","date_gmt":"2026-03-10T15:08:01","guid":{"rendered":"https:\/\/elmetidosv.com\/?p=24450"},"modified":"2026-03-10T09:08:01","modified_gmt":"2026-03-10T15:08:01","slug":"le-incendian-mototaxi-a-trabajador-y-lo-dejan-sin-su-unica-fuente-de-ingresos-en-morazan","status":"publish","type":"post","link":"https:\/\/elmetidosv.com\/?p=24450","title":{"rendered":"LE INCENDIAN MOTOTAXI A TRABAJADOR Y LO DEJAN SIN SU \u00daNICA FUENTE DE INGRESOS EN MORAZ\u00c1N"},"content":{"rendered":"\n<figure class=\"wp-block-image size-full\"><img loading=\"lazy\" decoding=\"async\" width=\"960\" height=\"540\" src=\"https:\/\/elmetidosv.com\/wp-content\/uploads\/2026\/03\/2-4.jpeg\" alt=\"\" class=\"wp-image-24452\" srcset=\"https:\/\/elmetidosv.com\/wp-content\/uploads\/2026\/03\/2-4.jpeg 960w, https:\/\/elmetidosv.com\/wp-content\/uploads\/2026\/03\/2-4-300x169.jpeg 300w, https:\/\/elmetidosv.com\/wp-content\/uploads\/2026\/03\/2-4-768x432.jpeg 768w\" sizes=\"auto, (max-width: 960px) 100vw, 960px\" \/><\/figure>\n\n\n\n<p>San Isidro, Moraz\u00e1n Norte, El Salvador \u2014 Un joven trabajador del distrito de San Isidro, en el departamento de Moraz\u00e1n Norte, enfrenta una dif\u00edcil situaci\u00f3n luego de que su mototaxi fuera incendiada durante la madrugada del domingo, dej\u00e1ndolo sin su principal herramienta de trabajo.<br>De acuerdo con la informaci\u00f3n disponible, el veh\u00edculo fue consumido por el fuego tras ser incendiado por personas desconocidas. La unidad pertenec\u00eda a Jos\u00e9 Aguilar, quien utilizaba la mototaxi para ofrecer servicio de transporte en la comunidad y generar ingresos para el sustento de su familia.<br>El trabajador relat\u00f3 que descubri\u00f3 el incendio cuando las llamas ya hab\u00edan avanzado sobre la unidad, provocando da\u00f1os totales en el veh\u00edculo.<\/p>\n\n\n\n<figure class=\"wp-block-image size-full\"><img loading=\"lazy\" decoding=\"async\" width=\"960\" height=\"540\" src=\"https:\/\/elmetidosv.com\/wp-content\/uploads\/2026\/03\/3-2.jpeg\" alt=\"\" class=\"wp-image-24453\" srcset=\"https:\/\/elmetidosv.com\/wp-content\/uploads\/2026\/03\/3-2.jpeg 960w, https:\/\/elmetidosv.com\/wp-content\/uploads\/2026\/03\/3-2-300x169.jpeg 300w, https:\/\/elmetidosv.com\/wp-content\/uploads\/2026\/03\/3-2-768x432.jpeg 768w\" sizes=\"auto, (max-width: 960px) 100vw, 960px\" \/><\/figure>\n\n\n\n<p><br>La situaci\u00f3n resulta a\u00fan m\u00e1s compleja para Aguilar, ya que la mototaxi hab\u00eda sido adquirida mediante un cr\u00e9dito bancario que contin\u00faa pagando, por lo que ahora enfrenta la p\u00e9rdida de su herramienta de trabajo mientras mantiene el compromiso financiero pendiente.<br>Adem\u00e1s, el afectado padece diabetes desde hace varios a\u00f1os y se encuentra bajo tratamiento m\u00e9dico. Debido a su condici\u00f3n de salud, realizar labores de carga pesada no es una opci\u00f3n viable, por lo que el servicio de mototaxi representaba su principal medio para mantenerse activo y generar ingresos.<br>Ante esta situaci\u00f3n, familiares y conocidos han realizado un llamado a la solidaridad de la poblaci\u00f3n para apoyar al trabajador y ayudarle a recuperarse de esta p\u00e9rdida.<br>Las personas que deseen colaborar o brindar apoyo pueden comunicarse directamente con Jos\u00e9 Aguilar al n\u00famero telef\u00f3nico 7566-9550.<\/p>\n\n\n\n<figure class=\"wp-block-image size-full\"><img loading=\"lazy\" decoding=\"async\" width=\"1024\" height=\"1024\" src=\"https:\/\/elmetidosv.com\/wp-content\/uploads\/2026\/02\/SANTEIN-2.jpeg\" alt=\"\" class=\"wp-image-23806\" srcset=\"https:\/\/elmetidosv.com\/wp-content\/uploads\/2026\/02\/SANTEIN-2.jpeg 1024w, https:\/\/elmetidosv.com\/wp-content\/uploads\/2026\/02\/SANTEIN-2-300x300.jpeg 300w, https:\/\/elmetidosv.com\/wp-content\/uploads\/2026\/02\/SANTEIN-2-150x150.jpeg 150w, https:\/\/elmetidosv.com\/wp-content\/uploads\/2026\/02\/SANTEIN-2-768x768.jpeg 768w\" sizes=\"auto, (max-width: 1024px) 100vw, 1024px\" \/><\/figure>\n","protected":false},"excerpt":{"rendered":"<p>San Isidro, Moraz\u00e1n Norte, El Salvador \u2014 Un joven trabajador del distrito de San Isidro, en el departamento de Moraz\u00e1n<\/p>\n","protected":false},"author":2,"featured_media":24451,"comment_status":"closed","ping_status":"","sticky":false,"template":"","format":"standard","meta":{"colormag_page_container_layout":"default_layout","colormag_page_sidebar_layout":"default_layout","footnotes":""},"categories":[1],"tags":[5051,4210,5048,4207,5045,5059,5047,5054,5052,396,5060,5057,5044,5053,46,5055,754,5050,5046,5058,5056,5049],"class_list":["post-24450","post","type-post","status-publish","format-standard","has-post-thumbnail","hentry","category-nacional","tag-apoyo-a-conductor-de-mototaxi","tag-apoyo-comunitario","tag-caso-mototaxi-el-salvador","tag-economia-familiar","tag-incendio-de-mototaxi-en-san-isidro-morazan","tag-incendio-de-vehiculo","tag-incendio-de-vehiculo-el-salvador","tag-incendio-de-vehiculo-en-morazan-norte","tag-jose-aguilar-morazan","tag-morazan","tag-morazan-norte","tag-mototaxi","tag-mototaxi-incendiada-en-morazan","tag-noticias-de-morazan-el-salvador-tags-el-salvador","tag-noticias-el-salvador","tag-san-isidro-morazan","tag-solidaridad","tag-solidaridad-con-trabajador-salvadoreno","tag-trabajador-pierde-su-herramienta-de-trabajo","tag-trabajadores-salvadorenos","tag-transporte-local","tag-transporte-mototaxi-morazan"],"_links":{"self":[{"href":"https:\/\/elmetidosv.com\/index.php?rest_route=\/wp\/v2\/posts\/24450","targetHints":{"allow":["GET"]}}],"collection":[{"href":"https:\/\/elmetidosv.com\/index.php?rest_route=\/wp\/v2\/posts"}],"about":[{"href":"https:\/\/elmetidosv.com\/index.php?rest_route=\/wp\/v2\/types\/post"}],"author":[{"embeddable":true,"href":"https:\/\/elmetidosv.com\/index.php?rest_route=\/wp\/v2\/users\/2"}],"replies":[{"embeddable":true,"href":"https:\/\/elmetidosv.com\/index.php?rest_route=%2Fwp%2Fv2%2Fcomments&post=24450"}],"version-history":[{"count":1,"href":"https:\/\/elmetidosv.com\/index.php?rest_route=\/wp\/v2\/posts\/24450\/revisions"}],"predecessor-version":[{"id":24454,"href":"https:\/\/elmetidosv.com\/index.php?rest_route=\/wp\/v2\/posts\/24450\/revisions\/24454"}],"wp:featuredmedia":[{"embeddable":true,"href":"https:\/\/elmetidosv.com\/index.php?rest_route=\/wp\/v2\/media\/24451"}],"wp:attachment":[{"href":"https:\/\/elmetidosv.com\/index.php?rest_route=%2Fwp%2Fv2%2Fmedia&parent=24450"}],"wp:term":[{"taxonomy":"category","embeddable":true,"href":"https:\/\/elmetidosv.com\/index.php?rest_route=%2Fwp%2Fv2%2Fcategories&post=24450"},{"taxonomy":"post_tag","embeddable":true,"href":"https:\/\/elmetidosv.com\/index.php?rest_route=%2Fwp%2Fv2%2Ftags&post=24450"}],"curies":[{"name":"wp","href":"https:\/\/api.w.org\/{rel}","templated":true}]}}