{"id":24446,"date":"2026-03-10T08:48:33","date_gmt":"2026-03-10T14:48:33","guid":{"rendered":"https:\/\/elmetidosv.com\/?p=24446"},"modified":"2026-03-10T08:48:33","modified_gmt":"2026-03-10T14:48:33","slug":"un-motociclista-resulto-lesionado-tras-chocar-contra-camion-en-san-marcossan-salvador","status":"publish","type":"post","link":"https:\/\/elmetidosv.com\/?p=24446","title":{"rendered":"UN MOTOCICLISTA RESULT\u00d3 LESIONADO TRAS CHOCAR CONTRA CAMI\u00d3N EN SAN MARCOS,SAN SALVADOR"},"content":{"rendered":"\n<figure class=\"wp-block-image size-large\"><img loading=\"lazy\" decoding=\"async\" width=\"768\" height=\"1024\" src=\"https:\/\/elmetidosv.com\/wp-content\/uploads\/2026\/03\/acci-anoche-2-768x1024.jpg\" alt=\"\" class=\"wp-image-24448\" srcset=\"https:\/\/elmetidosv.com\/wp-content\/uploads\/2026\/03\/acci-anoche-2-768x1024.jpg 768w, https:\/\/elmetidosv.com\/wp-content\/uploads\/2026\/03\/acci-anoche-2-225x300.jpg 225w, https:\/\/elmetidosv.com\/wp-content\/uploads\/2026\/03\/acci-anoche-2-1152x1536.jpg 1152w, https:\/\/elmetidosv.com\/wp-content\/uploads\/2026\/03\/acci-anoche-2.jpg 1200w\" sizes=\"auto, (max-width: 768px) 100vw, 768px\" \/><\/figure>\n\n\n\n<p>San Salvador, 10 de marzo de 2026. \u2014 Un motociclista result\u00f3 lesionado la noche del domingo luego de impactar contra la parte trasera de un cami\u00f3n de volteo en las inmediaciones del Mercado de San Marcos, inform\u00f3 la Cruz Verde Salvadore\u00f1a.<\/p>\n\n\n\n<p>Socorristas acudieron al lugar para brindar atenci\u00f3n prehospitalaria al conductor de la motocicleta, quien presentaba lesiones producto del impacto.<\/p>\n\n\n\n<p>Posteriormente, el motociclista fue trasladado al Hospital General del ISSS para recibir atenci\u00f3n m\u00e9dica especializada.<\/p>\n\n\n\n<p>Las autoridades reiteraron el llamado a los conductores a mantener la distancia adecuada entre veh\u00edculos y manejar con precauci\u00f3n, especialmente durante horas nocturnas y en zonas de alto tr\u00e1fico.<\/p>\n\n\n\n<figure class=\"wp-block-image size-full\"><img loading=\"lazy\" decoding=\"async\" width=\"1024\" height=\"1024\" src=\"https:\/\/elmetidosv.com\/wp-content\/uploads\/2026\/02\/santeins-2-bueno.jpeg\" alt=\"\" class=\"wp-image-23574\" srcset=\"https:\/\/elmetidosv.com\/wp-content\/uploads\/2026\/02\/santeins-2-bueno.jpeg 1024w, https:\/\/elmetidosv.com\/wp-content\/uploads\/2026\/02\/santeins-2-bueno-300x300.jpeg 300w, https:\/\/elmetidosv.com\/wp-content\/uploads\/2026\/02\/santeins-2-bueno-150x150.jpeg 150w, https:\/\/elmetidosv.com\/wp-content\/uploads\/2026\/02\/santeins-2-bueno-768x768.jpeg 768w\" sizes=\"auto, (max-width: 1024px) 100vw, 1024px\" \/><\/figure>\n","protected":false},"excerpt":{"rendered":"<p>San Salvador, 10 de marzo de 2026. \u2014 Un motociclista result\u00f3 lesionado la noche del domingo luego de impactar contra<\/p>\n","protected":false},"author":2,"featured_media":24447,"comment_status":"closed","ping_status":"","sticky":false,"template":"","format":"standard","meta":{"colormag_page_container_layout":"default_layout","colormag_page_sidebar_layout":"default_layout","footnotes":""},"categories":[1],"tags":[5042,110,5041,555,5040,5038,5037,828,5039,370,5043],"class_list":["post-24446","post","type-post","status-publish","format-standard","has-post-thumbnail","hentry","category-nacional","tag-accidente-cerca-del-mercado-de-san-marcos","tag-accidente-de-transito","tag-cruz-verde-emergencia-san-marcos","tag-cruz-verde-salvadorena","tag-emergencia-san-salvador-palabras-clave-seo-motociclista-choca-contra-camion-en-san-marcos","tag-isss","tag-mercado-de-san-marcos","tag-motociclista-lesionado","tag-motociclista-lesionado-san-salvador","tag-san-marcos","tag-trasladado-al-hospital-isss-san-salvador"],"_links":{"self":[{"href":"https:\/\/elmetidosv.com\/index.php?rest_route=\/wp\/v2\/posts\/24446","targetHints":{"allow":["GET"]}}],"collection":[{"href":"https:\/\/elmetidosv.com\/index.php?rest_route=\/wp\/v2\/posts"}],"about":[{"href":"https:\/\/elmetidosv.com\/index.php?rest_route=\/wp\/v2\/types\/post"}],"author":[{"embeddable":true,"href":"https:\/\/elmetidosv.com\/index.php?rest_route=\/wp\/v2\/users\/2"}],"replies":[{"embeddable":true,"href":"https:\/\/elmetidosv.com\/index.php?rest_route=%2Fwp%2Fv2%2Fcomments&post=24446"}],"version-history":[{"count":1,"href":"https:\/\/elmetidosv.com\/index.php?rest_route=\/wp\/v2\/posts\/24446\/revisions"}],"predecessor-version":[{"id":24449,"href":"https:\/\/elmetidosv.com\/index.php?rest_route=\/wp\/v2\/posts\/24446\/revisions\/24449"}],"wp:featuredmedia":[{"embeddable":true,"href":"https:\/\/elmetidosv.com\/index.php?rest_route=\/wp\/v2\/media\/24447"}],"wp:attachment":[{"href":"https:\/\/elmetidosv.com\/index.php?rest_route=%2Fwp%2Fv2%2Fmedia&parent=24446"}],"wp:term":[{"taxonomy":"category","embeddable":true,"href":"https:\/\/elmetidosv.com\/index.php?rest_route=%2Fwp%2Fv2%2Fcategories&post=24446"},{"taxonomy":"post_tag","embeddable":true,"href":"https:\/\/elmetidosv.com\/index.php?rest_route=%2Fwp%2Fv2%2Ftags&post=24446"}],"curies":[{"name":"wp","href":"https:\/\/api.w.org\/{rel}","templated":true}]}}