{"id":24443,"date":"2026-03-09T11:45:25","date_gmt":"2026-03-09T17:45:25","guid":{"rendered":"https:\/\/elmetidosv.com\/?p=24443"},"modified":"2026-03-09T11:45:25","modified_gmt":"2026-03-09T17:45:25","slug":"emprendedor-denuncia-que-incendiaron-su-vehiculo-de-trabajo-en-morazan","status":"publish","type":"post","link":"https:\/\/elmetidosv.com\/?p=24443","title":{"rendered":"EMPRENDEDOR DENUNCIA QUE INCENDIARON SU VEH\u00cdCULO DE TRABAJO EN MORAZ\u00c1N"},"content":{"rendered":"\n<p>Moraz\u00e1n Sur, 9 de marzo de 2026. \u2014 Un emprendedor salvadore\u00f1o denunci\u00f3 que su veh\u00edculo de trabajo fue incendiado durante la madrugada por personas desconocidas en el cant\u00f3n San Francisco, distrito de San Sim\u00f3n.<\/p>\n\n\n\n<p>El hecho ocurri\u00f3 en una zona rural del departamento de Moraz\u00e1n Sur, donde el afectado encontr\u00f3 su autom\u00f3vil completamente da\u00f1ado tras el incendio.<\/p>\n\n\n\n<p>Seg\u00fan relat\u00f3 el emprendedor, el veh\u00edculo representaba el resultado de varios a\u00f1os de esfuerzo y era utilizado como su principal herramienta para trabajar y generar ingresos para su familia.<\/p>\n\n\n\n<p>El afectado considera que el ataque podr\u00eda estar relacionado con situaciones de envidia; sin embargo, ser\u00e1n las autoridades quienes determinen las causas del incidente tras las investigaciones correspondientes.<\/p>\n\n\n\n<p>Habitantes del sector lamentaron lo ocurrido y se\u00f1alaron la importancia de esclarecer el caso para evitar hechos similares en la comunidad.<\/p>\n\n\n\n<figure class=\"wp-block-image size-full\"><img loading=\"lazy\" decoding=\"async\" width=\"1024\" height=\"1024\" src=\"https:\/\/elmetidosv.com\/wp-content\/uploads\/2026\/02\/santeins-2-bueno.jpeg\" alt=\"\" class=\"wp-image-23574\" srcset=\"https:\/\/elmetidosv.com\/wp-content\/uploads\/2026\/02\/santeins-2-bueno.jpeg 1024w, https:\/\/elmetidosv.com\/wp-content\/uploads\/2026\/02\/santeins-2-bueno-300x300.jpeg 300w, https:\/\/elmetidosv.com\/wp-content\/uploads\/2026\/02\/santeins-2-bueno-150x150.jpeg 150w, https:\/\/elmetidosv.com\/wp-content\/uploads\/2026\/02\/santeins-2-bueno-768x768.jpeg 768w\" sizes=\"auto, (max-width: 1024px) 100vw, 1024px\" \/><\/figure>\n","protected":false},"excerpt":{"rendered":"<p>Moraz\u00e1n Sur, 9 de marzo de 2026. \u2014 Un emprendedor salvadore\u00f1o denunci\u00f3 que su veh\u00edculo de trabajo fue incendiado durante<\/p>\n","protected":false},"author":2,"featured_media":24444,"comment_status":"closed","ping_status":"","sticky":false,"template":"","format":"standard","meta":{"colormag_page_container_layout":"default_layout","colormag_page_sidebar_layout":"default_layout","footnotes":""},"categories":[1],"tags":[5031,5035,5036,424,5032,5033,5030,2108,5029,816,5034],"class_list":["post-24443","post","type-post","status-publish","format-standard","has-post-thumbnail","hentry","category-nacional","tag-canton-san-francisco","tag-canton-san-francisco-morazan-incidente","tag-carro-quemado-el-salvador-noticia","tag-denuncia-ciudadana","tag-emprendedor-denuncia-incendio-de-carro","tag-emprendedor-salvadoreno","tag-incendio-de-vehiculo-palabras-clave-seo-queman-vehiculo-en-morazan","tag-morazan-sur","tag-san-simon","tag-vehiculo-incendiado","tag-vehiculo-incendiado-san-simon-morazan"],"_links":{"self":[{"href":"https:\/\/elmetidosv.com\/index.php?rest_route=\/wp\/v2\/posts\/24443","targetHints":{"allow":["GET"]}}],"collection":[{"href":"https:\/\/elmetidosv.com\/index.php?rest_route=\/wp\/v2\/posts"}],"about":[{"href":"https:\/\/elmetidosv.com\/index.php?rest_route=\/wp\/v2\/types\/post"}],"author":[{"embeddable":true,"href":"https:\/\/elmetidosv.com\/index.php?rest_route=\/wp\/v2\/users\/2"}],"replies":[{"embeddable":true,"href":"https:\/\/elmetidosv.com\/index.php?rest_route=%2Fwp%2Fv2%2Fcomments&post=24443"}],"version-history":[{"count":1,"href":"https:\/\/elmetidosv.com\/index.php?rest_route=\/wp\/v2\/posts\/24443\/revisions"}],"predecessor-version":[{"id":24445,"href":"https:\/\/elmetidosv.com\/index.php?rest_route=\/wp\/v2\/posts\/24443\/revisions\/24445"}],"wp:featuredmedia":[{"embeddable":true,"href":"https:\/\/elmetidosv.com\/index.php?rest_route=\/wp\/v2\/media\/24444"}],"wp:attachment":[{"href":"https:\/\/elmetidosv.com\/index.php?rest_route=%2Fwp%2Fv2%2Fmedia&parent=24443"}],"wp:term":[{"taxonomy":"category","embeddable":true,"href":"https:\/\/elmetidosv.com\/index.php?rest_route=%2Fwp%2Fv2%2Fcategories&post=24443"},{"taxonomy":"post_tag","embeddable":true,"href":"https:\/\/elmetidosv.com\/index.php?rest_route=%2Fwp%2Fv2%2Ftags&post=24443"}],"curies":[{"name":"wp","href":"https:\/\/api.w.org\/{rel}","templated":true}]}}