{"id":24440,"date":"2026-03-09T11:30:38","date_gmt":"2026-03-09T17:30:38","guid":{"rendered":"https:\/\/elmetidosv.com\/?p=24440"},"modified":"2026-03-09T11:30:38","modified_gmt":"2026-03-09T17:30:38","slug":"vehiculo-sin-frenos-provoca-accidente-frente-a-centro-escolar-en-sonsonate","status":"publish","type":"post","link":"https:\/\/elmetidosv.com\/?p=24440","title":{"rendered":"VEH\u00cdCULO SIN FRENOS PROVOCA ACCIDENTE FRENTE A CENTRO ESCOLAR EN SONSONATE"},"content":{"rendered":"\n<p>Sonsonate, 9 de marzo de 2026. \u2014 Un accidente de tr\u00e1nsito se registr\u00f3 la ma\u00f1ana de este lunes sobre la quinta calle poniente, barrio El Pilar, frente al Centro Escolar Rafael Campos, en el distrito de Sonsonate.<\/p>\n\n\n\n<p>De acuerdo con informaci\u00f3n preliminar, un veh\u00edculo con placas de Guatemala habr\u00eda presentado fallas en el sistema de frenos, lo que provoc\u00f3 que impactara a otro veh\u00edculo y a una motocicleta que circulaban por el sector.<\/p>\n\n\n\n<p>Socorristas de Comandos de Salvamento, seccional Sonsonate, acudieron al lugar para brindar asistencia a las personas involucradas en el percance.<\/p>\n\n\n\n<p>Entre los atendidos se encontraba <strong>Reyes Serrato<\/strong>, de 10 a\u00f1os, quien presentaba una contusi\u00f3n en la rodilla derecha. La menor fue trasladada junto a su madre a un centro hospitalario para una evaluaci\u00f3n m\u00e9dica m\u00e1s detallada.<\/p>\n\n\n\n<p>Asimismo, un motociclista identificado como <strong>Zetino<\/strong>, de 60 a\u00f1os, fue evaluado en el lugar por los socorristas, pero decidi\u00f3 no ser trasladado a un hospital.<\/p>\n\n\n\n<p>Las autoridades reiteraron el llamado a los conductores a revisar las condiciones mec\u00e1nicas de sus veh\u00edculos y mantener precauci\u00f3n al circular, especialmente en zonas cercanas a centros educativos.<\/p>\n\n\n\n<figure class=\"wp-block-image size-full\"><img loading=\"lazy\" decoding=\"async\" width=\"1024\" height=\"1024\" src=\"https:\/\/elmetidosv.com\/wp-content\/uploads\/2026\/02\/santeins-2-bueno.jpeg\" alt=\"\" class=\"wp-image-23574\" srcset=\"https:\/\/elmetidosv.com\/wp-content\/uploads\/2026\/02\/santeins-2-bueno.jpeg 1024w, https:\/\/elmetidosv.com\/wp-content\/uploads\/2026\/02\/santeins-2-bueno-300x300.jpeg 300w, https:\/\/elmetidosv.com\/wp-content\/uploads\/2026\/02\/santeins-2-bueno-150x150.jpeg 150w, https:\/\/elmetidosv.com\/wp-content\/uploads\/2026\/02\/santeins-2-bueno-768x768.jpeg 768w\" sizes=\"auto, (max-width: 1024px) 100vw, 1024px\" \/><\/figure>\n","protected":false},"excerpt":{"rendered":"<p>Sonsonate, 9 de marzo de 2026. \u2014 Un accidente de tr\u00e1nsito se registr\u00f3 la ma\u00f1ana de este lunes sobre la<\/p>\n","protected":false},"author":2,"featured_media":24441,"comment_status":"closed","ping_status":"","sticky":false,"template":"","format":"standard","meta":{"colormag_page_container_layout":"default_layout","colormag_page_sidebar_layout":"default_layout","footnotes":""},"categories":[1],"tags":[110,5028,5022,5020,5026,117,5023,5021,5027,219,5025,5024],"class_list":["post-24440","post","type-post","status-publish","format-standard","has-post-thumbnail","hentry","category-nacional","tag-accidente-de-transito","tag-accidente-transito-sonsonate-hoy","tag-barrio-el-pilar","tag-centro-escolar-rafael-campos","tag-choque-quinta-calle-poniente-barrio-el-pilar","tag-comandos-de-salvamento","tag-comandos-de-salvamento-sonsonate-emergencia","tag-emergencia-sonsonate-palabras-clave-seo-accidente-frente-a-centro-escolar-sonsonate","tag-nina-lesionada-en-accidente-sonsonate","tag-sonsonate","tag-vehiculo-sin-frenos","tag-vehiculo-sin-frenos-sonsonate"],"_links":{"self":[{"href":"https:\/\/elmetidosv.com\/index.php?rest_route=\/wp\/v2\/posts\/24440","targetHints":{"allow":["GET"]}}],"collection":[{"href":"https:\/\/elmetidosv.com\/index.php?rest_route=\/wp\/v2\/posts"}],"about":[{"href":"https:\/\/elmetidosv.com\/index.php?rest_route=\/wp\/v2\/types\/post"}],"author":[{"embeddable":true,"href":"https:\/\/elmetidosv.com\/index.php?rest_route=\/wp\/v2\/users\/2"}],"replies":[{"embeddable":true,"href":"https:\/\/elmetidosv.com\/index.php?rest_route=%2Fwp%2Fv2%2Fcomments&post=24440"}],"version-history":[{"count":1,"href":"https:\/\/elmetidosv.com\/index.php?rest_route=\/wp\/v2\/posts\/24440\/revisions"}],"predecessor-version":[{"id":24442,"href":"https:\/\/elmetidosv.com\/index.php?rest_route=\/wp\/v2\/posts\/24440\/revisions\/24442"}],"wp:featuredmedia":[{"embeddable":true,"href":"https:\/\/elmetidosv.com\/index.php?rest_route=\/wp\/v2\/media\/24441"}],"wp:attachment":[{"href":"https:\/\/elmetidosv.com\/index.php?rest_route=%2Fwp%2Fv2%2Fmedia&parent=24440"}],"wp:term":[{"taxonomy":"category","embeddable":true,"href":"https:\/\/elmetidosv.com\/index.php?rest_route=%2Fwp%2Fv2%2Fcategories&post=24440"},{"taxonomy":"post_tag","embeddable":true,"href":"https:\/\/elmetidosv.com\/index.php?rest_route=%2Fwp%2Fv2%2Ftags&post=24440"}],"curies":[{"name":"wp","href":"https:\/\/api.w.org\/{rel}","templated":true}]}}