{"id":24437,"date":"2026-03-09T11:23:05","date_gmt":"2026-03-09T17:23:05","guid":{"rendered":"https:\/\/elmetidosv.com\/?p=24437"},"modified":"2026-03-09T11:23:05","modified_gmt":"2026-03-09T17:23:05","slug":"condenaron-a-50-anos-de-carcel-a-sujeto-por-un-feminicidio-ocurrido-en-teoecoyo-la-libertad-en-2017","status":"publish","type":"post","link":"https:\/\/elmetidosv.com\/?p=24437","title":{"rendered":"CONDENARON A 50 A\u00d1OS DE C\u00c1RCEL A SUJETO POR UN FEMINICIDIO OCURRIDO EN TEOECOYO, LA LIBERTAD EN 2017"},"content":{"rendered":"\n<p>San Salvador, El Salvador. \u2014 El Juzgado Especializado de Sentencia para una Vida Libre de Violencia y Discriminaci\u00f3n para las Mujeres de San Salvador conden\u00f3 a 50 a\u00f1os de prisi\u00f3n a \u00c1lvaro Mat\u00edas Vel\u00e1squez, de 36 a\u00f1os, tras encontrarlo culpable del delito de feminicidio agravado.<br>De acuerdo con la investigaci\u00f3n fiscal, los hechos ocurrieron en diciembre de 2017 en el municipio de Tepecoyo, actualmente parte de La Libertad Oeste.<br>Seg\u00fan las autoridades, Vel\u00e1squez comenz\u00f3 ese mismo a\u00f1o a pretender a la v\u00edctima con la intenci\u00f3n de iniciar una relaci\u00f3n sentimental, pese a que ella ya ten\u00eda pareja y una hija. Tras ser rechazado, el imputado habr\u00eda comenzado a ejercer violencia psicol\u00f3gica contra la mujer.<br>La investigaci\u00f3n estableci\u00f3 que en al menos dos ocasiones el acusado irrumpi\u00f3 en la vivienda de la v\u00edctima, donde la golpe\u00f3, la amenaz\u00f3 para obligarla a convivir con \u00e9l e incluso intent\u00f3 agredirla sexualmente.<br>Posteriormente, cuando la mujer se desplazaba por la carretera que conduce hacia Tepecoyo, fue interceptada por varios sujetos armados. Entre ellos se encontraba Vel\u00e1squez, quien, seg\u00fan la acusaci\u00f3n, le dispar\u00f3 sin mediar palabras.<br>Un informe pericial determin\u00f3 que la v\u00edctima falleci\u00f3 a causa de heridas por impactos de arma de fuego en la regi\u00f3n craneomaxilofacial y el cuello.<br>Tras valorar las pruebas documentales, periciales y testimoniales presentadas durante la vista p\u00fablica, el juzgado concluy\u00f3 que el crimen estuvo motivado por misoginia y conductas machistas, por lo que impuso la pena m\u00e1xima de 50 a\u00f1os de prisi\u00f3n al imputado.<\/p>\n\n\n\n<figure class=\"wp-block-image size-full\"><img loading=\"lazy\" decoding=\"async\" width=\"1024\" height=\"1024\" src=\"https:\/\/elmetidosv.com\/wp-content\/uploads\/2026\/02\/santeins-2-bueno.jpeg\" alt=\"\" class=\"wp-image-23574\" srcset=\"https:\/\/elmetidosv.com\/wp-content\/uploads\/2026\/02\/santeins-2-bueno.jpeg 1024w, https:\/\/elmetidosv.com\/wp-content\/uploads\/2026\/02\/santeins-2-bueno-300x300.jpeg 300w, https:\/\/elmetidosv.com\/wp-content\/uploads\/2026\/02\/santeins-2-bueno-150x150.jpeg 150w, https:\/\/elmetidosv.com\/wp-content\/uploads\/2026\/02\/santeins-2-bueno-768x768.jpeg 768w\" sizes=\"auto, (max-width: 1024px) 100vw, 1024px\" \/><\/figure>\n","protected":false},"excerpt":{"rendered":"<p>San Salvador, El Salvador. \u2014 El Juzgado Especializado de Sentencia para una Vida Libre de Violencia y Discriminaci\u00f3n para las<\/p>\n","protected":false},"author":2,"featured_media":24438,"comment_status":"closed","ping_status":"","sticky":false,"template":"","format":"standard","meta":{"colormag_page_container_layout":"default_layout","colormag_page_sidebar_layout":"default_layout","footnotes":""},"categories":[1],"tags":[5017,5013,174,5015,42,5016,1082,5019,5018,41,36,5014],"class_list":["post-24437","post","type-post","status-publish","format-standard","has-post-thumbnail","hentry","category-nacional","tag-caso-feminicidio-la-libertad-oeste-tags-el-salvador","tag-condena-50-anos-feminicidio-el-salvador","tag-feminicidio","tag-feminicidio-tepecoyo-2017","tag-justicia-salvadorena","tag-juzgado-especializado-san-salvador","tag-la-libertad-oeste","tag-sentencia-judicial-2","tag-tepecoyo","tag-tribunales","tag-violencia-contra-la-mujer","tag-violencia-contra-la-mujer-sentencia"],"_links":{"self":[{"href":"https:\/\/elmetidosv.com\/index.php?rest_route=\/wp\/v2\/posts\/24437","targetHints":{"allow":["GET"]}}],"collection":[{"href":"https:\/\/elmetidosv.com\/index.php?rest_route=\/wp\/v2\/posts"}],"about":[{"href":"https:\/\/elmetidosv.com\/index.php?rest_route=\/wp\/v2\/types\/post"}],"author":[{"embeddable":true,"href":"https:\/\/elmetidosv.com\/index.php?rest_route=\/wp\/v2\/users\/2"}],"replies":[{"embeddable":true,"href":"https:\/\/elmetidosv.com\/index.php?rest_route=%2Fwp%2Fv2%2Fcomments&post=24437"}],"version-history":[{"count":1,"href":"https:\/\/elmetidosv.com\/index.php?rest_route=\/wp\/v2\/posts\/24437\/revisions"}],"predecessor-version":[{"id":24439,"href":"https:\/\/elmetidosv.com\/index.php?rest_route=\/wp\/v2\/posts\/24437\/revisions\/24439"}],"wp:featuredmedia":[{"embeddable":true,"href":"https:\/\/elmetidosv.com\/index.php?rest_route=\/wp\/v2\/media\/24438"}],"wp:attachment":[{"href":"https:\/\/elmetidosv.com\/index.php?rest_route=%2Fwp%2Fv2%2Fmedia&parent=24437"}],"wp:term":[{"taxonomy":"category","embeddable":true,"href":"https:\/\/elmetidosv.com\/index.php?rest_route=%2Fwp%2Fv2%2Fcategories&post=24437"},{"taxonomy":"post_tag","embeddable":true,"href":"https:\/\/elmetidosv.com\/index.php?rest_route=%2Fwp%2Fv2%2Ftags&post=24437"}],"curies":[{"name":"wp","href":"https:\/\/api.w.org\/{rel}","templated":true}]}}