{"id":24434,"date":"2026-03-09T11:11:35","date_gmt":"2026-03-09T17:11:35","guid":{"rendered":"https:\/\/elmetidosv.com\/?p=24434"},"modified":"2026-03-09T11:11:35","modified_gmt":"2026-03-09T17:11:35","slug":"condenaron-a-9-anos-de-prision-a-sujeto-que-suplanto-identidad-de-empresa-para-evadir-impuestos","status":"publish","type":"post","link":"https:\/\/elmetidosv.com\/?p=24434","title":{"rendered":"CONDENARON A 9 A\u00d1OS DE PRISI\u00d3N A SUJETO QUE SUPLANT\u00d3 IDENTIDAD DE EMPRESA PARA EVADIR IMPUESTOS"},"content":{"rendered":"\n<p>Santa Tecla, El Salvador. \u2014 El Tribunal Primero de Sentencia de Santa Tecla conden\u00f3 a nueve a\u00f1os de prisi\u00f3n a Yuri Alejandro Enr\u00edquez N\u00fa\u00f1ez, tras encontrarlo culpable de los delitos de hurto de identidad y defraudaci\u00f3n al fisco en la modalidad de evasi\u00f3n de impuestos.<br>Seg\u00fan la resoluci\u00f3n judicial, el juzgador impuso cinco a\u00f1os de c\u00e1rcel por el delito de hurto de identidad y cuatro a\u00f1os por defraudaci\u00f3n al fisco. Adem\u00e1s, orden\u00f3 el pago de $27,082.91 en concepto de responsabilidad civil a favor del Estado.<br>De acuerdo con la investigaci\u00f3n, el caso sali\u00f3 a la luz cuando una empresa con sede en Antiguo Cuscatl\u00e1n fue alertada por el Ministerio de Hacienda sobre inconsistencias detectadas en sus declaraciones del Impuesto al Valor Agregado (IVA) correspondientes al ejercicio fiscal 2023.<br>Las pesquisas determinaron que Enr\u00edquez N\u00fa\u00f1ez utiliz\u00f3, sin autorizaci\u00f3n, el N\u00famero de Identificaci\u00f3n Tributaria (NIT) y el N\u00famero de Registro de Contribuyente (NRC) de la sociedad afectada. Con estos datos emiti\u00f3 facturas por supuestos servicios prestados a una empresa farmac\u00e9utica, obteniendo ingresos mientras trasladaba la carga tributaria a la compa\u00f1\u00eda suplantada.<br>De esta manera, el imputado logr\u00f3 evadir sus obligaciones fiscales, generando un perjuicio econ\u00f3mico que supera los 27 mil d\u00f3lares, seg\u00fan la acusaci\u00f3n presentada por la Fiscal\u00eda.<\/p>\n\n\n\n<figure class=\"wp-block-image size-full\"><img loading=\"lazy\" decoding=\"async\" width=\"1024\" height=\"1024\" src=\"https:\/\/elmetidosv.com\/wp-content\/uploads\/2026\/02\/SANTEIN-2.jpeg\" alt=\"\" class=\"wp-image-23806\" srcset=\"https:\/\/elmetidosv.com\/wp-content\/uploads\/2026\/02\/SANTEIN-2.jpeg 1024w, https:\/\/elmetidosv.com\/wp-content\/uploads\/2026\/02\/SANTEIN-2-300x300.jpeg 300w, https:\/\/elmetidosv.com\/wp-content\/uploads\/2026\/02\/SANTEIN-2-150x150.jpeg 150w, https:\/\/elmetidosv.com\/wp-content\/uploads\/2026\/02\/SANTEIN-2-768x768.jpeg 768w\" sizes=\"auto, (max-width: 1024px) 100vw, 1024px\" \/><\/figure>\n","protected":false},"excerpt":{"rendered":"<p>Santa Tecla, El Salvador. \u2014 El Tribunal Primero de Sentencia de Santa Tecla conden\u00f3 a nueve a\u00f1os de prisi\u00f3n a<\/p>\n","protected":false},"author":2,"featured_media":24435,"comment_status":"closed","ping_status":"","sticky":false,"template":"","format":"standard","meta":{"colormag_page_container_layout":"default_layout","colormag_page_sidebar_layout":"default_layout","footnotes":""},"categories":[1],"tags":[1887,5010,3215,5006,5008,4533,5009,4953,5012,5011,444,5007,41],"class_list":["post-24434","post","type-post","status-publish","format-standard","has-post-thumbnail","hentry","category-nacional","tag-antiguo-cuscatlan","tag-condena-por-fraude-fiscal-santa-tecla","tag-evasion-de-impuestos","tag-evasion-de-impuestos-el-salvador","tag-fraude-fiscal","tag-hurto-de-identidad","tag-hurto-de-identidad-empresa-antiguo-cuscatlan","tag-justicia-salvadorena-2","tag-ministerio-de-hacienda","tag-ministerio-de-hacienda-caso-fraude","tag-santa-tecla","tag-sentencia-evasion-iva-el-salvador-tags-el-salvador","tag-tribunales"],"_links":{"self":[{"href":"https:\/\/elmetidosv.com\/index.php?rest_route=\/wp\/v2\/posts\/24434","targetHints":{"allow":["GET"]}}],"collection":[{"href":"https:\/\/elmetidosv.com\/index.php?rest_route=\/wp\/v2\/posts"}],"about":[{"href":"https:\/\/elmetidosv.com\/index.php?rest_route=\/wp\/v2\/types\/post"}],"author":[{"embeddable":true,"href":"https:\/\/elmetidosv.com\/index.php?rest_route=\/wp\/v2\/users\/2"}],"replies":[{"embeddable":true,"href":"https:\/\/elmetidosv.com\/index.php?rest_route=%2Fwp%2Fv2%2Fcomments&post=24434"}],"version-history":[{"count":1,"href":"https:\/\/elmetidosv.com\/index.php?rest_route=\/wp\/v2\/posts\/24434\/revisions"}],"predecessor-version":[{"id":24436,"href":"https:\/\/elmetidosv.com\/index.php?rest_route=\/wp\/v2\/posts\/24434\/revisions\/24436"}],"wp:featuredmedia":[{"embeddable":true,"href":"https:\/\/elmetidosv.com\/index.php?rest_route=\/wp\/v2\/media\/24435"}],"wp:attachment":[{"href":"https:\/\/elmetidosv.com\/index.php?rest_route=%2Fwp%2Fv2%2Fmedia&parent=24434"}],"wp:term":[{"taxonomy":"category","embeddable":true,"href":"https:\/\/elmetidosv.com\/index.php?rest_route=%2Fwp%2Fv2%2Fcategories&post=24434"},{"taxonomy":"post_tag","embeddable":true,"href":"https:\/\/elmetidosv.com\/index.php?rest_route=%2Fwp%2Fv2%2Ftags&post=24434"}],"curies":[{"name":"wp","href":"https:\/\/api.w.org\/{rel}","templated":true}]}}