{"id":24427,"date":"2026-03-09T09:46:14","date_gmt":"2026-03-09T15:46:14","guid":{"rendered":"https:\/\/elmetidosv.com\/?p=24427"},"modified":"2026-03-09T09:46:14","modified_gmt":"2026-03-09T15:46:14","slug":"pronostican-ambiente-caluroso-y-posibilidad-de-lluvias-aisladas-para-inicio-de-semana-en-el-salvador","status":"publish","type":"post","link":"https:\/\/elmetidosv.com\/?p=24427","title":{"rendered":"PRONOSTICAN AMBIENTE CALUROSO Y POSIBILIDAD DE LLUVIAS AISLADAS PARA INICIO DE SEMANA EN EL SALVADOR"},"content":{"rendered":"\n<p>San Salvador, 7 de marzo de 2026. \u2014 El Ministerio de Medio Ambiente y Recursos Naturales inform\u00f3 que el pa\u00eds inicia la semana con cielo poco nublado y condiciones mayormente estables durante la ma\u00f1ana.<\/p>\n\n\n\n<p>De acuerdo con el pron\u00f3stico meteorol\u00f3gico, durante la tarde existe probabilidad de lluvias puntuales en sectores de la Cordillera Apaneca-Ilamatepec, una de las principales zonas monta\u00f1osas del occidente del pa\u00eds.<\/p>\n\n\n\n<p>Para horas de la noche, las precipitaciones podr\u00edan desplazarse hacia la zona central, incluyendo \u00e1reas de San Salvador y el departamento de La Libertad.<\/p>\n\n\n\n<p>El informe tambi\u00e9n se\u00f1ala que los vientos se mantendr\u00e1n entre 10 y 20 kil\u00f3metros por hora, con r\u00e1fagas ocasionales de hasta 40 kil\u00f3metros por hora en sectores del occidente y oriente del territorio nacional.<\/p>\n\n\n\n<p>Las autoridades indicaron que el ambiente continuar\u00e1 caluroso durante el d\u00eda y las primeras horas de la noche, por lo que recomiendan a la poblaci\u00f3n mantenerse hidratada y tomar precauciones ante las altas temperaturas.<\/p>\n\n\n\n<figure class=\"wp-block-image size-full\"><img loading=\"lazy\" decoding=\"async\" width=\"1024\" height=\"1024\" src=\"https:\/\/elmetidosv.com\/wp-content\/uploads\/2026\/02\/santeins-2-bueno.jpeg\" alt=\"\" class=\"wp-image-23574\" srcset=\"https:\/\/elmetidosv.com\/wp-content\/uploads\/2026\/02\/santeins-2-bueno.jpeg 1024w, https:\/\/elmetidosv.com\/wp-content\/uploads\/2026\/02\/santeins-2-bueno-300x300.jpeg 300w, https:\/\/elmetidosv.com\/wp-content\/uploads\/2026\/02\/santeins-2-bueno-150x150.jpeg 150w, https:\/\/elmetidosv.com\/wp-content\/uploads\/2026\/02\/santeins-2-bueno-768x768.jpeg 768w\" sizes=\"auto, (max-width: 1024px) 100vw, 1024px\" \/><\/figure>\n","protected":false},"excerpt":{"rendered":"<p>San Salvador, 7 de marzo de 2026. \u2014 El Ministerio de Medio Ambiente y Recursos Naturales inform\u00f3 que el pa\u00eds<\/p>\n","protected":false},"author":2,"featured_media":24428,"comment_status":"closed","ping_status":"","sticky":false,"template":"","format":"standard","meta":{"colormag_page_container_layout":"default_layout","colormag_page_sidebar_layout":"default_layout","footnotes":""},"categories":[1],"tags":[4961,4992,297,4993,4991,4995,4994,4990,410,4996,295,4997],"class_list":["post-24427","post","type-post","status-publish","format-standard","has-post-thumbnail","hentry","category-nacional","tag-ambiente-caluroso-el-salvador","tag-ambiente-caluroso-palabras-clave-seo-pronostico-del-clima-el-salvador-hoy","tag-clima-el-salvador","tag-clima-en-san-salvador-y-la-libertad","tag-clima-san-salvador","tag-cordillera-apaneca-ilamatepec","tag-lluvias-cordillera-apaneca-ilamatepec","tag-lluvias-en-el-salvador","tag-marn","tag-marn-pronostico-semanal","tag-pronostico-del-tiempo","tag-viento-40-km-por-hora-el-salvador"],"_links":{"self":[{"href":"https:\/\/elmetidosv.com\/index.php?rest_route=\/wp\/v2\/posts\/24427","targetHints":{"allow":["GET"]}}],"collection":[{"href":"https:\/\/elmetidosv.com\/index.php?rest_route=\/wp\/v2\/posts"}],"about":[{"href":"https:\/\/elmetidosv.com\/index.php?rest_route=\/wp\/v2\/types\/post"}],"author":[{"embeddable":true,"href":"https:\/\/elmetidosv.com\/index.php?rest_route=\/wp\/v2\/users\/2"}],"replies":[{"embeddable":true,"href":"https:\/\/elmetidosv.com\/index.php?rest_route=%2Fwp%2Fv2%2Fcomments&post=24427"}],"version-history":[{"count":1,"href":"https:\/\/elmetidosv.com\/index.php?rest_route=\/wp\/v2\/posts\/24427\/revisions"}],"predecessor-version":[{"id":24429,"href":"https:\/\/elmetidosv.com\/index.php?rest_route=\/wp\/v2\/posts\/24427\/revisions\/24429"}],"wp:featuredmedia":[{"embeddable":true,"href":"https:\/\/elmetidosv.com\/index.php?rest_route=\/wp\/v2\/media\/24428"}],"wp:attachment":[{"href":"https:\/\/elmetidosv.com\/index.php?rest_route=%2Fwp%2Fv2%2Fmedia&parent=24427"}],"wp:term":[{"taxonomy":"category","embeddable":true,"href":"https:\/\/elmetidosv.com\/index.php?rest_route=%2Fwp%2Fv2%2Fcategories&post=24427"},{"taxonomy":"post_tag","embeddable":true,"href":"https:\/\/elmetidosv.com\/index.php?rest_route=%2Fwp%2Fv2%2Ftags&post=24427"}],"curies":[{"name":"wp","href":"https:\/\/api.w.org\/{rel}","templated":true}]}}