{"id":24422,"date":"2026-03-09T09:15:49","date_gmt":"2026-03-09T15:15:49","guid":{"rendered":"https:\/\/elmetidosv.com\/?p=24422"},"modified":"2026-03-09T09:15:49","modified_gmt":"2026-03-09T15:15:49","slug":"muere-padre-de-futbolista-de-primera-division-tras-accidente-en-motocicleta-en-san-miguel","status":"publish","type":"post","link":"https:\/\/elmetidosv.com\/?p=24422","title":{"rendered":"MUERE PADRE DE FUTBOLISTA DE PRIMERA DIVISI\u00d3N TRAS ACCIDENTE EN MOTOCICLETA EN SAN MIGUEL"},"content":{"rendered":"\n<figure class=\"wp-block-image size-large\"><img loading=\"lazy\" decoding=\"async\" width=\"1024\" height=\"702\" src=\"https:\/\/elmetidosv.com\/wp-content\/uploads\/2026\/03\/juga-2-1024x702.jpeg\" alt=\"\" class=\"wp-image-24424\" srcset=\"https:\/\/elmetidosv.com\/wp-content\/uploads\/2026\/03\/juga-2-1024x702.jpeg 1024w, https:\/\/elmetidosv.com\/wp-content\/uploads\/2026\/03\/juga-2-300x206.jpeg 300w, https:\/\/elmetidosv.com\/wp-content\/uploads\/2026\/03\/juga-2-768x527.jpeg 768w, https:\/\/elmetidosv.com\/wp-content\/uploads\/2026\/03\/juga-2-130x90.jpeg 130w, https:\/\/elmetidosv.com\/wp-content\/uploads\/2026\/03\/juga-2.jpeg 1248w\" sizes=\"auto, (max-width: 1024px) 100vw, 1024px\" \/><\/figure>\n\n\n\n<p>San Miguel, El Salvador. \u2014 Un accidente de tr\u00e1nsito registrado en la carretera que conduce de Moncagua hacia Chapeltique dej\u00f3 como resultado la muerte de un motociclista y una mujer gravemente lesionada.<br>La v\u00edctima mortal fue identificada como Carlos Hern\u00e1ndez, padre del futbolista Eduardo Hern\u00e1ndez, jugador del C.D. Cacahuatique que participa en la Primera Divisi\u00f3n de F\u00fatbol de El Salvador.<br>De acuerdo con la informaci\u00f3n preliminar, Hern\u00e1ndez se conduc\u00eda en motocicleta junto a su esposa, madre del jugador, cuando ocurri\u00f3 el percance vial. Tras el impacto, la mujer result\u00f3 con lesiones de gravedad y fue trasladada a un centro asistencial, donde su estado de salud es reportado como delicado.<br>El hecho ha generado muestras de solidaridad entre familiares, amigos y seguidores del equipo miguele\u00f1o, quienes han expresado mensajes de apoyo hacia el futbolista y su familia en este momento dif\u00edcil.<br>Las autoridades correspondientes contin\u00faan con las investigaciones para esclarecer las circunstancias en que ocurri\u00f3 el accidente.<\/p>\n\n\n\n<figure class=\"wp-block-image size-large\"><img loading=\"lazy\" decoding=\"async\" width=\"802\" height=\"1024\" src=\"https:\/\/elmetidosv.com\/wp-content\/uploads\/2026\/03\/juga-3-802x1024.jpeg\" alt=\"\" class=\"wp-image-24425\" srcset=\"https:\/\/elmetidosv.com\/wp-content\/uploads\/2026\/03\/juga-3-802x1024.jpeg 802w, https:\/\/elmetidosv.com\/wp-content\/uploads\/2026\/03\/juga-3-235x300.jpeg 235w, https:\/\/elmetidosv.com\/wp-content\/uploads\/2026\/03\/juga-3-768x981.jpeg 768w, https:\/\/elmetidosv.com\/wp-content\/uploads\/2026\/03\/juga-3.jpeg 1021w\" sizes=\"auto, (max-width: 802px) 100vw, 802px\" \/><\/figure>\n","protected":false},"excerpt":{"rendered":"<p>San Miguel, El Salvador. \u2014 Un accidente de tr\u00e1nsito registrado en la carretera que conduce de Moncagua hacia Chapeltique dej\u00f3<\/p>\n","protected":false},"author":2,"featured_media":24423,"comment_status":"closed","ping_status":"","sticky":false,"template":"","format":"standard","meta":{"colormag_page_container_layout":"default_layout","colormag_page_sidebar_layout":"default_layout","footnotes":""},"categories":[1],"tags":[4982,110,4984,4988,4986,254,4987,4983,1131,2604,4985,4981,1134,137,4989],"class_list":["post-24422","post","type-post","status-publish","format-standard","has-post-thumbnail","hentry","category-nacional","tag-accidente-carretera-san-miguel-tags-el-salvador","tag-accidente-de-transito","tag-accidente-moncagua-chapeltique","tag-c-d-cacahuatique","tag-c-d-cacahuatique-accidente","tag-chapeltique","tag-eduardo-hernandez","tag-eduardo-vinagre-hernandez-familia","tag-futbol-salvadoreno","tag-moncagua","tag-motociclista-muere-san-miguel","tag-padre-futbolista-salvadoreno-fallece","tag-primera-division-el-salvador","tag-san-miguel","tag-solidaridad-3"],"_links":{"self":[{"href":"https:\/\/elmetidosv.com\/index.php?rest_route=\/wp\/v2\/posts\/24422","targetHints":{"allow":["GET"]}}],"collection":[{"href":"https:\/\/elmetidosv.com\/index.php?rest_route=\/wp\/v2\/posts"}],"about":[{"href":"https:\/\/elmetidosv.com\/index.php?rest_route=\/wp\/v2\/types\/post"}],"author":[{"embeddable":true,"href":"https:\/\/elmetidosv.com\/index.php?rest_route=\/wp\/v2\/users\/2"}],"replies":[{"embeddable":true,"href":"https:\/\/elmetidosv.com\/index.php?rest_route=%2Fwp%2Fv2%2Fcomments&post=24422"}],"version-history":[{"count":1,"href":"https:\/\/elmetidosv.com\/index.php?rest_route=\/wp\/v2\/posts\/24422\/revisions"}],"predecessor-version":[{"id":24426,"href":"https:\/\/elmetidosv.com\/index.php?rest_route=\/wp\/v2\/posts\/24422\/revisions\/24426"}],"wp:featuredmedia":[{"embeddable":true,"href":"https:\/\/elmetidosv.com\/index.php?rest_route=\/wp\/v2\/media\/24423"}],"wp:attachment":[{"href":"https:\/\/elmetidosv.com\/index.php?rest_route=%2Fwp%2Fv2%2Fmedia&parent=24422"}],"wp:term":[{"taxonomy":"category","embeddable":true,"href":"https:\/\/elmetidosv.com\/index.php?rest_route=%2Fwp%2Fv2%2Fcategories&post=24422"},{"taxonomy":"post_tag","embeddable":true,"href":"https:\/\/elmetidosv.com\/index.php?rest_route=%2Fwp%2Fv2%2Ftags&post=24422"}],"curies":[{"name":"wp","href":"https:\/\/api.w.org\/{rel}","templated":true}]}}