{"id":24413,"date":"2026-03-08T10:58:51","date_gmt":"2026-03-08T16:58:51","guid":{"rendered":"https:\/\/elmetidosv.com\/?p=24413"},"modified":"2026-03-08T10:58:51","modified_gmt":"2026-03-08T16:58:51","slug":"un-adulto-mayor-murio-tras-ser-atropellado-en-la-carretera-troncal-del-norte-en-san-salvador","status":"publish","type":"post","link":"https:\/\/elmetidosv.com\/?p=24413","title":{"rendered":"UN ADULTO MAYOR MURI\u00d3 TRAS SER ATROPELLADO EN LA CARRETERA TRONCAL DEL NORTE EN SAN SALVADOR"},"content":{"rendered":"\n<figure class=\"wp-block-image size-large\"><img loading=\"lazy\" decoding=\"async\" width=\"771\" height=\"1024\" src=\"https:\/\/elmetidosv.com\/wp-content\/uploads\/2026\/03\/ANCIANO-2-771x1024.jpeg\" alt=\"\" class=\"wp-image-24415\" srcset=\"https:\/\/elmetidosv.com\/wp-content\/uploads\/2026\/03\/ANCIANO-2-771x1024.jpeg 771w, https:\/\/elmetidosv.com\/wp-content\/uploads\/2026\/03\/ANCIANO-2-226x300.jpeg 226w, https:\/\/elmetidosv.com\/wp-content\/uploads\/2026\/03\/ANCIANO-2-768x1021.jpeg 768w, https:\/\/elmetidosv.com\/wp-content\/uploads\/2026\/03\/ANCIANO-2-1156x1536.jpeg 1156w, https:\/\/elmetidosv.com\/wp-content\/uploads\/2026\/03\/ANCIANO-2.jpeg 1204w\" sizes=\"auto, (max-width: 771px) 100vw, 771px\" \/><\/figure>\n\n\n\n<p>San Salvador, El Salvador. \u2014 Un adulto mayor falleci\u00f3 la madrugada de este domingo tras ser atropellado en el kil\u00f3metro 23\u00bd de la Carretera Troncal del Norte, informaron instituciones de primera respuesta.<br>De acuerdo con reportes preliminares, la v\u00edctima habr\u00eda intentado cruzar la v\u00eda cuando fue impactada por un microb\u00fas que circulaba por el sector. Hasta el momento, la identidad de la persona fallecida no ha sido establecida por las autoridades.<br>Socorristas de Cruz Verde Salvadore\u00f1a y de Comandos de Salvamento, delegaci\u00f3n Guazapa, acudieron al lugar para atender la emergencia.<br>Agentes de la Polic\u00eda Nacional Civil realizaron la inspecci\u00f3n correspondiente en la escena para documentar el hecho y determinar las circunstancias del accidente.<br>Las autoridades reiteraron el llamado a conductores y peatones a mantener precauci\u00f3n en las carreteras, especialmente durante horas de poca visibilidad.<\/p>\n\n\n\n<figure class=\"wp-block-image size-large\"><img loading=\"lazy\" decoding=\"async\" width=\"771\" height=\"1024\" src=\"https:\/\/elmetidosv.com\/wp-content\/uploads\/2026\/03\/ANCIANO-3-771x1024.jpeg\" alt=\"\" class=\"wp-image-24416\" srcset=\"https:\/\/elmetidosv.com\/wp-content\/uploads\/2026\/03\/ANCIANO-3-771x1024.jpeg 771w, https:\/\/elmetidosv.com\/wp-content\/uploads\/2026\/03\/ANCIANO-3-226x300.jpeg 226w, https:\/\/elmetidosv.com\/wp-content\/uploads\/2026\/03\/ANCIANO-3-768x1021.jpeg 768w, https:\/\/elmetidosv.com\/wp-content\/uploads\/2026\/03\/ANCIANO-3-1156x1536.jpeg 1156w, https:\/\/elmetidosv.com\/wp-content\/uploads\/2026\/03\/ANCIANO-3.jpeg 1204w\" sizes=\"auto, (max-width: 771px) 100vw, 771px\" \/><\/figure>\n","protected":false},"excerpt":{"rendered":"<p>San Salvador, El Salvador. \u2014 Un adulto mayor falleci\u00f3 la madrugada de este domingo tras ser atropellado en el kil\u00f3metro<\/p>\n","protected":false},"author":2,"featured_media":24414,"comment_status":"closed","ping_status":"","sticky":false,"template":"","format":"standard","meta":{"colormag_page_container_layout":"default_layout","colormag_page_sidebar_layout":"default_layout","footnotes":""},"categories":[1],"tags":[110,4971,4967,899,4969,117,555,4968,4972,548,85,4970,122,492],"class_list":["post-24413","post","type-post","status-publish","format-standard","has-post-thumbnail","hentry","category-nacional","tag-accidente-de-transito","tag-accidente-km-23-5-troncal-del-norte","tag-adulto-mayor-fallece-carretera-troncal-del-norte","tag-atropello","tag-atropello-troncal-del-norte","tag-comandos-de-salvamento","tag-cruz-verde-salvadorena","tag-emergencia-guazapa-cruz-verde","tag-emergencia-3","tag-guazapa","tag-pnc","tag-pnc-inspeccion-accidente-el-salvador-tags-el-salvador","tag-seguridad-vial","tag-troncal-del-norte"],"_links":{"self":[{"href":"https:\/\/elmetidosv.com\/index.php?rest_route=\/wp\/v2\/posts\/24413","targetHints":{"allow":["GET"]}}],"collection":[{"href":"https:\/\/elmetidosv.com\/index.php?rest_route=\/wp\/v2\/posts"}],"about":[{"href":"https:\/\/elmetidosv.com\/index.php?rest_route=\/wp\/v2\/types\/post"}],"author":[{"embeddable":true,"href":"https:\/\/elmetidosv.com\/index.php?rest_route=\/wp\/v2\/users\/2"}],"replies":[{"embeddable":true,"href":"https:\/\/elmetidosv.com\/index.php?rest_route=%2Fwp%2Fv2%2Fcomments&post=24413"}],"version-history":[{"count":1,"href":"https:\/\/elmetidosv.com\/index.php?rest_route=\/wp\/v2\/posts\/24413\/revisions"}],"predecessor-version":[{"id":24417,"href":"https:\/\/elmetidosv.com\/index.php?rest_route=\/wp\/v2\/posts\/24413\/revisions\/24417"}],"wp:featuredmedia":[{"embeddable":true,"href":"https:\/\/elmetidosv.com\/index.php?rest_route=\/wp\/v2\/media\/24414"}],"wp:attachment":[{"href":"https:\/\/elmetidosv.com\/index.php?rest_route=%2Fwp%2Fv2%2Fmedia&parent=24413"}],"wp:term":[{"taxonomy":"category","embeddable":true,"href":"https:\/\/elmetidosv.com\/index.php?rest_route=%2Fwp%2Fv2%2Fcategories&post=24413"},{"taxonomy":"post_tag","embeddable":true,"href":"https:\/\/elmetidosv.com\/index.php?rest_route=%2Fwp%2Fv2%2Ftags&post=24413"}],"curies":[{"name":"wp","href":"https:\/\/api.w.org\/{rel}","templated":true}]}}