{"id":24409,"date":"2026-03-08T10:53:15","date_gmt":"2026-03-08T16:53:15","guid":{"rendered":"https:\/\/elmetidosv.com\/?p=24409"},"modified":"2026-03-08T10:53:15","modified_gmt":"2026-03-08T16:53:15","slug":"marn-preve-ambiente-caluroso-y-lluvias-puntuales-para-este-domingo-en-el-salvador","status":"publish","type":"post","link":"https:\/\/elmetidosv.com\/?p=24409","title":{"rendered":"MARN PREV\u00c9 AMBIENTE CALUROSO Y LLUVIAS PUNTUALES PARA ESTE DOMINGO EN EL SALVADOR"},"content":{"rendered":"\n<figure class=\"wp-block-image size-large\"><img loading=\"lazy\" decoding=\"async\" width=\"819\" height=\"1024\" src=\"https:\/\/elmetidosv.com\/wp-content\/uploads\/2026\/03\/clima-234-819x1024.jpeg\" alt=\"\" class=\"wp-image-24411\" srcset=\"https:\/\/elmetidosv.com\/wp-content\/uploads\/2026\/03\/clima-234-819x1024.jpeg 819w, https:\/\/elmetidosv.com\/wp-content\/uploads\/2026\/03\/clima-234-240x300.jpeg 240w, https:\/\/elmetidosv.com\/wp-content\/uploads\/2026\/03\/clima-234-768x961.jpeg 768w, https:\/\/elmetidosv.com\/wp-content\/uploads\/2026\/03\/clima-234-1228x1536.jpeg 1228w, https:\/\/elmetidosv.com\/wp-content\/uploads\/2026\/03\/clima-234.jpeg 1279w\" sizes=\"auto, (max-width: 819px) 100vw, 819px\" \/><\/figure>\n\n\n\n<p>San Salvador, El Salvador. \u2014 El Ministerio de Medio Ambiente y Recursos Naturales (MARN), a trav\u00e9s de su Observatorio, inform\u00f3 que para este domingo se prev\u00e9 un ambiente caluroso en gran parte del pa\u00eds, acompa\u00f1ado de cielo nublado y lluvias puntuales en diferentes regiones.<br>De acuerdo con el pron\u00f3stico meteorol\u00f3gico, las precipitaciones podr\u00edan presentarse en sectores del centro, occidente y oriente del territorio salvadore\u00f1o.<br>Las autoridades indicaron que estas condiciones clim\u00e1ticas est\u00e1n asociadas a la presencia de humedad en la regi\u00f3n y a procesos atmosf\u00e9ricos que favorecen la formaci\u00f3n de nubosidad durante el d\u00eda.<br>Entre las zonas donde podr\u00edan registrarse lluvias se encuentran \u00e1reas cercanas a San Salvador, as\u00ed como en departamentos del occidente y del oriente del pa\u00eds.<br>El MARN recomend\u00f3 a la poblaci\u00f3n mantenerse atenta a los informes oficiales del clima y tomar precauciones ante posibles lluvias acompa\u00f1adas de actividad el\u00e9ctrica en algunos sectores.<\/p>\n\n\n\n<figure class=\"wp-block-image size-full\"><img loading=\"lazy\" decoding=\"async\" width=\"1024\" height=\"1024\" src=\"https:\/\/elmetidosv.com\/wp-content\/uploads\/2026\/02\/SANTEIN-2.jpeg\" alt=\"\" class=\"wp-image-23806\" srcset=\"https:\/\/elmetidosv.com\/wp-content\/uploads\/2026\/02\/SANTEIN-2.jpeg 1024w, https:\/\/elmetidosv.com\/wp-content\/uploads\/2026\/02\/SANTEIN-2-300x300.jpeg 300w, https:\/\/elmetidosv.com\/wp-content\/uploads\/2026\/02\/SANTEIN-2-150x150.jpeg 150w, https:\/\/elmetidosv.com\/wp-content\/uploads\/2026\/02\/SANTEIN-2-768x768.jpeg 768w\" sizes=\"auto, (max-width: 1024px) 100vw, 1024px\" \/><\/figure>\n","protected":false},"excerpt":{"rendered":"<p>San Salvador, El Salvador. \u2014 El Ministerio de Medio Ambiente y Recursos Naturales (MARN), a trav\u00e9s de su Observatorio, inform\u00f3<\/p>\n","protected":false},"author":2,"featured_media":24410,"comment_status":"closed","ping_status":"","sticky":false,"template":"","format":"standard","meta":{"colormag_page_container_layout":"default_layout","colormag_page_sidebar_layout":"default_layout","footnotes":""},"categories":[1],"tags":[1044,4961,4966,4963,844,4959,4960,304,4964,410,845,4965,295,4962,126],"class_list":["post-24409","post","type-post","status-publish","format-standard","has-post-thumbnail","hentry","category-nacional","tag-ambiente-caluroso","tag-ambiente-caluroso-el-salvador","tag-centroamerica-2","tag-cielo-nublado-marn-pronostico","tag-clima","tag-clima-el-salvador-domingo","tag-clima-san-salvador-hoy-tags-el-salvador","tag-lluvias","tag-lluvias-centro-occidente-oriente-el-salvador","tag-marn","tag-meteorologia","tag-observatorio-marn","tag-pronostico-del-tiempo","tag-pronostico-marn-lluvias-el-salvador","tag-san-salvador"],"_links":{"self":[{"href":"https:\/\/elmetidosv.com\/index.php?rest_route=\/wp\/v2\/posts\/24409","targetHints":{"allow":["GET"]}}],"collection":[{"href":"https:\/\/elmetidosv.com\/index.php?rest_route=\/wp\/v2\/posts"}],"about":[{"href":"https:\/\/elmetidosv.com\/index.php?rest_route=\/wp\/v2\/types\/post"}],"author":[{"embeddable":true,"href":"https:\/\/elmetidosv.com\/index.php?rest_route=\/wp\/v2\/users\/2"}],"replies":[{"embeddable":true,"href":"https:\/\/elmetidosv.com\/index.php?rest_route=%2Fwp%2Fv2%2Fcomments&post=24409"}],"version-history":[{"count":1,"href":"https:\/\/elmetidosv.com\/index.php?rest_route=\/wp\/v2\/posts\/24409\/revisions"}],"predecessor-version":[{"id":24412,"href":"https:\/\/elmetidosv.com\/index.php?rest_route=\/wp\/v2\/posts\/24409\/revisions\/24412"}],"wp:featuredmedia":[{"embeddable":true,"href":"https:\/\/elmetidosv.com\/index.php?rest_route=\/wp\/v2\/media\/24410"}],"wp:attachment":[{"href":"https:\/\/elmetidosv.com\/index.php?rest_route=%2Fwp%2Fv2%2Fmedia&parent=24409"}],"wp:term":[{"taxonomy":"category","embeddable":true,"href":"https:\/\/elmetidosv.com\/index.php?rest_route=%2Fwp%2Fv2%2Fcategories&post=24409"},{"taxonomy":"post_tag","embeddable":true,"href":"https:\/\/elmetidosv.com\/index.php?rest_route=%2Fwp%2Fv2%2Ftags&post=24409"}],"curies":[{"name":"wp","href":"https:\/\/api.w.org\/{rel}","templated":true}]}}