{"id":24402,"date":"2026-03-08T10:12:36","date_gmt":"2026-03-08T16:12:36","guid":{"rendered":"https:\/\/elmetidosv.com\/?p=24402"},"modified":"2026-03-08T10:12:36","modified_gmt":"2026-03-08T16:12:36","slug":"condenaron-a-314-anos-de-prision-a-una-estructura-que-robaba-en-cajeros-automaticos-en-diferentes-puntos-del-pais","status":"publish","type":"post","link":"https:\/\/elmetidosv.com\/?p=24402","title":{"rendered":"CONDENARON A 314 A\u00d1OS DE PRISI\u00d3N A UNA ESTRUCTURA QUE ROBABA EN CAJEROS AUTOM\u00c1TICOS EN DIFERENTES PUNTOS DEL PA\u00cdS"},"content":{"rendered":"\n<p>San Salvador, El Salvador. \u2014 El Tribunal Quinto Contra el Crimen Organizado de San Salvador impuso condenas de hasta 314 a\u00f1os de prisi\u00f3n contra integrantes de una estructura criminal dedicada al robo agravado en cajeros autom\u00e1ticos y otros delitos.<br>Seg\u00fan la resoluci\u00f3n judicial, Marvin Geovany Garc\u00eda Sosa recibi\u00f3 una condena de 314 a\u00f1os de prisi\u00f3n tras ser declarado culpable de homicidio agravado, robo agravado y agrupaciones il\u00edcitas. De acuerdo con el fallo, el imputado ejerc\u00eda funciones de liderazgo dentro del grupo delictivo.<br>En el mismo proceso, Luis Alonso Mej\u00eda Hern\u00e1ndez fue condenado a 192 a\u00f1os de prisi\u00f3n por robo agravado y agrupaciones il\u00edcitas. Las investigaciones establecieron que su funci\u00f3n consist\u00eda en transportar a los miembros de la estructura hacia los lugares donde se cometer\u00edan los delitos.<br>Asimismo, Mois\u00e9s Antonio Rivera y Aurelio Wilfredo V\u00e1squez, conocido con el alias \u201cZapato\u201d, recibieron penas de 177 y 166 a\u00f1os de prisi\u00f3n, respectivamente. En el mismo juicio, otras 34 personas tambi\u00e9n fueron condenadas a diferentes penas por su participaci\u00f3n en los hechos.<br>De acuerdo con el dictamen de acusaci\u00f3n presentado por la Fiscal\u00eda General de la Rep\u00fablica, la estructura est\u00e1 vinculada a cuatro homicidios de usuarios de agencias bancarias, entre ellos una profesora y un agente de la Polic\u00eda Nacional Civil. Adem\u00e1s, se les atribuyen 26 casos de robo agravado.<br>Uno de los hechos investigados ocurri\u00f3 el 22 de mayo de 2021 en el distrito de Cojutepeque, cuando una docente fue interceptada despu\u00e9s de retirar dinero de una agencia bancaria. Seg\u00fan las investigaciones, los implicados habr\u00edan dado seguimiento a la v\u00edctima antes de despojarla de 2,600 d\u00f3lares.<br>Las autoridades detallaron que la estructura fue desarticulada la madrugada del 25 de octubre de 2022, tras un operativo desarrollado por las instituciones de seguridad.<br>Las investigaciones tambi\u00e9n determinaron que los integrantes del grupo hab\u00edan desarrollado m\u00e9todos para identificar el monto de dinero que retiraban las personas en cajeros autom\u00e1ticos, incluso bas\u00e1ndose en el sonido que emit\u00eda el dispositivo al contar el efectivo.<br>Durante el juicio, la Fiscal\u00eda present\u00f3 diversas pruebas, entre ellas testimonios de v\u00edctimas y an\u00e1lisis sobre la estructura del grupo, su organizaci\u00f3n interna y la distribuci\u00f3n de roles entre sus integrantes para ejecutar los robos.<\/p>\n\n\n\n<figure class=\"wp-block-image size-full\"><img loading=\"lazy\" decoding=\"async\" width=\"1024\" height=\"1024\" src=\"https:\/\/elmetidosv.com\/wp-content\/uploads\/2026\/02\/santeins-2-bueno.jpeg\" alt=\"\" class=\"wp-image-23574\" srcset=\"https:\/\/elmetidosv.com\/wp-content\/uploads\/2026\/02\/santeins-2-bueno.jpeg 1024w, https:\/\/elmetidosv.com\/wp-content\/uploads\/2026\/02\/santeins-2-bueno-300x300.jpeg 300w, https:\/\/elmetidosv.com\/wp-content\/uploads\/2026\/02\/santeins-2-bueno-150x150.jpeg 150w, https:\/\/elmetidosv.com\/wp-content\/uploads\/2026\/02\/santeins-2-bueno-768x768.jpeg 768w\" sizes=\"auto, (max-width: 1024px) 100vw, 1024px\" \/><\/figure>\n","protected":false},"excerpt":{"rendered":"<p>San Salvador, El Salvador. \u2014 El Tribunal Quinto Contra el Crimen Organizado de San Salvador impuso condenas de hasta 314<\/p>\n","protected":false},"author":2,"featured_media":24403,"comment_status":"closed","ping_status":"","sticky":false,"template":"","format":"standard","meta":{"colormag_page_container_layout":"default_layout","colormag_page_sidebar_layout":"default_layout","footnotes":""},"categories":[1],"tags":[429,4952,4947,729,4946,733,4949,363,4948,447,4953,85,725,4950,93,449,4951],"class_list":["post-24402","post","type-post","status-publish","format-standard","has-post-thumbnail","hentry","category-nacional","tag-agrupaciones-ilicitas","tag-agrupaciones-ilicitas-el-salvador-tags-el-salvador","tag-caso-cojutepeque-cuscatlan-robo","tag-cojutepeque","tag-condena-314-anos-el-salvador","tag-cuscatlan","tag-estructura-robos-cajeros-automaticos","tag-fgr","tag-fgr-condena-estructura-criminal","tag-homicidio-agravado","tag-justicia-salvadorena-2","tag-pnc","tag-robo-agravado","tag-robos-bancarios-el-salvador","tag-seguridad","tag-tribunal-contra-el-crimen-organizado","tag-tribunal-crimen-organizado-san-salvador-sentencia"],"_links":{"self":[{"href":"https:\/\/elmetidosv.com\/index.php?rest_route=\/wp\/v2\/posts\/24402","targetHints":{"allow":["GET"]}}],"collection":[{"href":"https:\/\/elmetidosv.com\/index.php?rest_route=\/wp\/v2\/posts"}],"about":[{"href":"https:\/\/elmetidosv.com\/index.php?rest_route=\/wp\/v2\/types\/post"}],"author":[{"embeddable":true,"href":"https:\/\/elmetidosv.com\/index.php?rest_route=\/wp\/v2\/users\/2"}],"replies":[{"embeddable":true,"href":"https:\/\/elmetidosv.com\/index.php?rest_route=%2Fwp%2Fv2%2Fcomments&post=24402"}],"version-history":[{"count":1,"href":"https:\/\/elmetidosv.com\/index.php?rest_route=\/wp\/v2\/posts\/24402\/revisions"}],"predecessor-version":[{"id":24404,"href":"https:\/\/elmetidosv.com\/index.php?rest_route=\/wp\/v2\/posts\/24402\/revisions\/24404"}],"wp:featuredmedia":[{"embeddable":true,"href":"https:\/\/elmetidosv.com\/index.php?rest_route=\/wp\/v2\/media\/24403"}],"wp:attachment":[{"href":"https:\/\/elmetidosv.com\/index.php?rest_route=%2Fwp%2Fv2%2Fmedia&parent=24402"}],"wp:term":[{"taxonomy":"category","embeddable":true,"href":"https:\/\/elmetidosv.com\/index.php?rest_route=%2Fwp%2Fv2%2Fcategories&post=24402"},{"taxonomy":"post_tag","embeddable":true,"href":"https:\/\/elmetidosv.com\/index.php?rest_route=%2Fwp%2Fv2%2Ftags&post=24402"}],"curies":[{"name":"wp","href":"https:\/\/api.w.org\/{rel}","templated":true}]}}