{"id":24399,"date":"2026-03-08T09:41:22","date_gmt":"2026-03-08T15:41:22","guid":{"rendered":"https:\/\/elmetidosv.com\/?p=24399"},"modified":"2026-03-08T09:41:22","modified_gmt":"2026-03-08T15:41:22","slug":"hombre-fallece-tras-recibir-descarga-electrica-mientras-cortaba-mangos-en-atiquizaya","status":"publish","type":"post","link":"https:\/\/elmetidosv.com\/?p=24399","title":{"rendered":"HOMBRE FALLECE TRAS RECIBIR DESCARGA EL\u00c9CTRICA MIENTRAS CORTABA MANGOS EN ATIQUIZAYA"},"content":{"rendered":"\n<p>Ahuachap\u00e1n, El Salvador. \u2014 Un hombre falleci\u00f3 tras recibir una descarga el\u00e9ctrica mientras realizaba labores de recolecci\u00f3n de mangos en el caser\u00edo Los Amaya, en el municipio de Atiquizaya.<br>De acuerdo con informaci\u00f3n preliminar, la v\u00edctima se encontraba sobre las ramas de un \u00e1rbol cuando ocurri\u00f3 el incidente. Durante la actividad, habr\u00eda entrado en contacto con una fuente el\u00e9ctrica, lo que provoc\u00f3 la descarga.<br>Tras el impacto, el hombre qued\u00f3 sujetado entre las ramas del \u00e1rbol, situaci\u00f3n que fue observada por personas que se encontraban en la zona, quienes alertaron a las autoridades sobre lo ocurrido.<br>Al llegar al lugar, los equipos que atendieron la emergencia confirmaron que la v\u00edctima ya no presentaba signos vitales.<br>Las autoridades correspondientes realizaron el procedimiento respectivo para documentar el caso y determinar con precisi\u00f3n las circunstancias del hecho.<\/p>\n\n\n\n<figure class=\"wp-block-image size-full\"><img loading=\"lazy\" decoding=\"async\" width=\"1024\" height=\"1024\" src=\"https:\/\/elmetidosv.com\/wp-content\/uploads\/2026\/02\/SANTEIN-2.jpeg\" alt=\"\" class=\"wp-image-23806\" srcset=\"https:\/\/elmetidosv.com\/wp-content\/uploads\/2026\/02\/SANTEIN-2.jpeg 1024w, https:\/\/elmetidosv.com\/wp-content\/uploads\/2026\/02\/SANTEIN-2-300x300.jpeg 300w, https:\/\/elmetidosv.com\/wp-content\/uploads\/2026\/02\/SANTEIN-2-150x150.jpeg 150w, https:\/\/elmetidosv.com\/wp-content\/uploads\/2026\/02\/SANTEIN-2-768x768.jpeg 768w\" sizes=\"auto, (max-width: 1024px) 100vw, 1024px\" \/><\/figure>\n\n\n\n<p><\/p>\n","protected":false},"excerpt":{"rendered":"<p>Ahuachap\u00e1n, El Salvador. \u2014 Un hombre falleci\u00f3 tras recibir una descarga el\u00e9ctrica mientras realizaba labores de recolecci\u00f3n de mangos en<\/p>\n","protected":false},"author":2,"featured_media":24400,"comment_status":"closed","ping_status":"","sticky":false,"template":"","format":"standard","meta":{"colormag_page_container_layout":"default_layout","colormag_page_sidebar_layout":"default_layout","footnotes":""},"categories":[1],"tags":[261,4940,40,1586,96,4941,1574,4942,330,4943,4944,4871,4945],"class_list":["post-24399","post","type-post","status-publish","format-standard","has-post-thumbnail","hentry","category-nacional","tag-accidente","tag-accidente-cortando-mangos-ahuachapan","tag-ahuachapan","tag-atiquizaya","tag-autoridades","tag-caserio-los-amaya-emergencia","tag-descarga-electrica","tag-descarga-electrica-arbol-el-salvador","tag-emergencia","tag-hombre-muere-descarga-electrica-atiquizaya","tag-incidente-atiquizaya-ahuachapan-tags-el-salvador","tag-investigacion-3","tag-recoleccion-de-mangos"],"_links":{"self":[{"href":"https:\/\/elmetidosv.com\/index.php?rest_route=\/wp\/v2\/posts\/24399","targetHints":{"allow":["GET"]}}],"collection":[{"href":"https:\/\/elmetidosv.com\/index.php?rest_route=\/wp\/v2\/posts"}],"about":[{"href":"https:\/\/elmetidosv.com\/index.php?rest_route=\/wp\/v2\/types\/post"}],"author":[{"embeddable":true,"href":"https:\/\/elmetidosv.com\/index.php?rest_route=\/wp\/v2\/users\/2"}],"replies":[{"embeddable":true,"href":"https:\/\/elmetidosv.com\/index.php?rest_route=%2Fwp%2Fv2%2Fcomments&post=24399"}],"version-history":[{"count":1,"href":"https:\/\/elmetidosv.com\/index.php?rest_route=\/wp\/v2\/posts\/24399\/revisions"}],"predecessor-version":[{"id":24401,"href":"https:\/\/elmetidosv.com\/index.php?rest_route=\/wp\/v2\/posts\/24399\/revisions\/24401"}],"wp:featuredmedia":[{"embeddable":true,"href":"https:\/\/elmetidosv.com\/index.php?rest_route=\/wp\/v2\/media\/24400"}],"wp:attachment":[{"href":"https:\/\/elmetidosv.com\/index.php?rest_route=%2Fwp%2Fv2%2Fmedia&parent=24399"}],"wp:term":[{"taxonomy":"category","embeddable":true,"href":"https:\/\/elmetidosv.com\/index.php?rest_route=%2Fwp%2Fv2%2Fcategories&post=24399"},{"taxonomy":"post_tag","embeddable":true,"href":"https:\/\/elmetidosv.com\/index.php?rest_route=%2Fwp%2Fv2%2Ftags&post=24399"}],"curies":[{"name":"wp","href":"https:\/\/api.w.org\/{rel}","templated":true}]}}