{"id":24396,"date":"2026-03-08T09:30:25","date_gmt":"2026-03-08T15:30:25","guid":{"rendered":"https:\/\/elmetidosv.com\/?p=24396"},"modified":"2026-03-08T09:30:25","modified_gmt":"2026-03-08T15:30:25","slug":"registran-108-sismos-en-juayua-desde-el-4-de-marzo-segun-el-marn","status":"publish","type":"post","link":"https:\/\/elmetidosv.com\/?p=24396","title":{"rendered":"REGISTRAN 108 SISMOS EN JUAY\u00daA DESDE EL 4 DE MARZO, SEG\u00daN EL MARN"},"content":{"rendered":"\n<figure class=\"wp-block-image size-full is-resized\"><img loading=\"lazy\" decoding=\"async\" width=\"613\" height=\"767\" src=\"https:\/\/elmetidosv.com\/wp-content\/uploads\/2026\/03\/sismos-1-1.jpeg\" alt=\"\" class=\"wp-image-24397\" style=\"width:760px;height:auto\" srcset=\"https:\/\/elmetidosv.com\/wp-content\/uploads\/2026\/03\/sismos-1-1.jpeg 613w, https:\/\/elmetidosv.com\/wp-content\/uploads\/2026\/03\/sismos-1-1-240x300.jpeg 240w\" sizes=\"auto, (max-width: 613px) 100vw, 613px\" \/><\/figure>\n\n\n\n<p>San Salvador, El Salvador. \u2014 Un total de 108 sismos han sido registrados en el distrito de Juay\u00faa desde las 5:11 de la tarde del 4 de marzo hasta las 6:00 de la ma\u00f1ana de este 8 de marzo de 2026, inform\u00f3 el Ministerio de Medio Ambiente y Recursos Naturales (MARN).<br>De acuerdo con datos del Observatorio de Amenazas de la instituci\u00f3n, del total de movimientos tel\u00faricos detectados, dos han sido percibidos por la poblaci\u00f3n.<br>El resto de la actividad s\u00edsmica ha sido registrada \u00fanicamente por los instrumentos de monitoreo instalados en la zona, como parte del sistema de vigilancia permanente que mantiene la instituci\u00f3n para detectar variaciones en la actividad geol\u00f3gica.<br>Las autoridades indicaron que contin\u00faan dando seguimiento a la evoluci\u00f3n de este fen\u00f3meno para informar oportunamente a la poblaci\u00f3n en caso de registrarse cambios significativos en el comportamiento s\u00edsmico del \u00e1rea.<br>Juay\u00faa y otras zonas del occidente del pa\u00eds forman parte de \u00e1reas con actividad geol\u00f3gica frecuente, por lo que el monitoreo constante permite evaluar estos eventos y emitir reportes t\u00e9cnicos sobre su desarrollo.<\/p>\n\n\n\n<figure class=\"wp-block-image size-full\"><img loading=\"lazy\" decoding=\"async\" width=\"1024\" height=\"1024\" src=\"https:\/\/elmetidosv.com\/wp-content\/uploads\/2026\/02\/SANTEIN-2.jpeg\" alt=\"\" class=\"wp-image-23806\" srcset=\"https:\/\/elmetidosv.com\/wp-content\/uploads\/2026\/02\/SANTEIN-2.jpeg 1024w, https:\/\/elmetidosv.com\/wp-content\/uploads\/2026\/02\/SANTEIN-2-300x300.jpeg 300w, https:\/\/elmetidosv.com\/wp-content\/uploads\/2026\/02\/SANTEIN-2-150x150.jpeg 150w, https:\/\/elmetidosv.com\/wp-content\/uploads\/2026\/02\/SANTEIN-2-768x768.jpeg 768w\" sizes=\"auto, (max-width: 1024px) 100vw, 1024px\" \/><\/figure>\n","protected":false},"excerpt":{"rendered":"<p>San Salvador, El Salvador. \u2014 Un total de 108 sismos han sido registrados en el distrito de Juay\u00faa desde las<\/p>\n","protected":false},"author":2,"featured_media":24255,"comment_status":"closed","ping_status":"","sticky":false,"template":"","format":"standard","meta":{"colormag_page_container_layout":"default_layout","colormag_page_sidebar_layout":"default_layout","footnotes":""},"categories":[1],"tags":[4610,4733,4739,2147,410,4731,4939,4730,4736,4729,4606,4937,4735,219,4738,4938],"class_list":["post-24396","post","type-post","status-publish","format-standard","has-post-thumbnail","hentry","category-nacional","tag-actividad-sismica","tag-actividad-sismica-juayua-sonsonate","tag-fenomenos-naturales","tag-juayua","tag-marn","tag-marn-reporta-sismos-el-salvador","tag-monitoreo-geologico","tag-monitoreo-sismico-el-salvador","tag-observatorio-de-amenazas","tag-observatorio-marn-sismos","tag-sismos","tag-sismos-juayua-marzo-2026","tag-sismos-sentidos-juayua-tags-el-salvador","tag-sonsonate","tag-temblores","tag-temblores-juayua-2026"],"_links":{"self":[{"href":"https:\/\/elmetidosv.com\/index.php?rest_route=\/wp\/v2\/posts\/24396","targetHints":{"allow":["GET"]}}],"collection":[{"href":"https:\/\/elmetidosv.com\/index.php?rest_route=\/wp\/v2\/posts"}],"about":[{"href":"https:\/\/elmetidosv.com\/index.php?rest_route=\/wp\/v2\/types\/post"}],"author":[{"embeddable":true,"href":"https:\/\/elmetidosv.com\/index.php?rest_route=\/wp\/v2\/users\/2"}],"replies":[{"embeddable":true,"href":"https:\/\/elmetidosv.com\/index.php?rest_route=%2Fwp%2Fv2%2Fcomments&post=24396"}],"version-history":[{"count":1,"href":"https:\/\/elmetidosv.com\/index.php?rest_route=\/wp\/v2\/posts\/24396\/revisions"}],"predecessor-version":[{"id":24398,"href":"https:\/\/elmetidosv.com\/index.php?rest_route=\/wp\/v2\/posts\/24396\/revisions\/24398"}],"wp:featuredmedia":[{"embeddable":true,"href":"https:\/\/elmetidosv.com\/index.php?rest_route=\/wp\/v2\/media\/24255"}],"wp:attachment":[{"href":"https:\/\/elmetidosv.com\/index.php?rest_route=%2Fwp%2Fv2%2Fmedia&parent=24396"}],"wp:term":[{"taxonomy":"category","embeddable":true,"href":"https:\/\/elmetidosv.com\/index.php?rest_route=%2Fwp%2Fv2%2Fcategories&post=24396"},{"taxonomy":"post_tag","embeddable":true,"href":"https:\/\/elmetidosv.com\/index.php?rest_route=%2Fwp%2Fv2%2Ftags&post=24396"}],"curies":[{"name":"wp","href":"https:\/\/api.w.org\/{rel}","templated":true}]}}