{"id":24299,"date":"2026-03-06T08:50:04","date_gmt":"2026-03-06T14:50:04","guid":{"rendered":"https:\/\/elmetidosv.com\/?p=24299"},"modified":"2026-03-06T08:50:04","modified_gmt":"2026-03-06T14:50:04","slug":"familiares-y-amigos-dan-el-ultimo-adios-a-julio-cesar-rivera-en-ahuachapan","status":"publish","type":"post","link":"https:\/\/elmetidosv.com\/?p=24299","title":{"rendered":"FAMILIARES Y AMIGOS DAN EL \u00daLTIMO ADI\u00d3S A JULIO C\u00c9SAR RIVERA EN AHUACHAP\u00c1N"},"content":{"rendered":"\n<figure class=\"wp-block-image aligncenter size-full\"><img loading=\"lazy\" decoding=\"async\" width=\"358\" height=\"419\" src=\"https:\/\/elmetidosv.com\/wp-content\/uploads\/2026\/03\/vela-3.jpeg\" alt=\"\" class=\"wp-image-24301\" srcset=\"https:\/\/elmetidosv.com\/wp-content\/uploads\/2026\/03\/vela-3.jpeg 358w, https:\/\/elmetidosv.com\/wp-content\/uploads\/2026\/03\/vela-3-256x300.jpeg 256w\" sizes=\"auto, (max-width: 358px) 100vw, 358px\" \/><\/figure>\n\n\n\n<p>Ahuachap\u00e1n, El Salvador. \u2014 Familiares, amigos y habitantes de la comunidad despidieron este d\u00eda a Julio C\u00e9sar Rivera en el distrito de Cara Sucia, donde fue sepultado tras fallecer luego de enfrentar una enfermedad oncol\u00f3gica que padec\u00eda mientras resid\u00eda en Estados Unidos.<br>Rivera hab\u00eda expresado como \u00faltimo deseo regresar a su tierra natal para pasar sus \u00faltimos d\u00edas junto a su familia. Con el apoyo solidario de varias personas, logr\u00f3 viajar de regreso a El Salvador y reunirse con sus seres queridos en su hogar, donde finalmente falleci\u00f3.<\/p>\n\n\n\n<figure class=\"wp-block-image size-large\"><img loading=\"lazy\" decoding=\"async\" width=\"1024\" height=\"1003\" src=\"https:\/\/elmetidosv.com\/wp-content\/uploads\/2026\/03\/vela-2-1024x1003.jpeg\" alt=\"\" class=\"wp-image-24302\" srcset=\"https:\/\/elmetidosv.com\/wp-content\/uploads\/2026\/03\/vela-2-1024x1003.jpeg 1024w, https:\/\/elmetidosv.com\/wp-content\/uploads\/2026\/03\/vela-2-300x294.jpeg 300w, https:\/\/elmetidosv.com\/wp-content\/uploads\/2026\/03\/vela-2-768x753.jpeg 768w, https:\/\/elmetidosv.com\/wp-content\/uploads\/2026\/03\/vela-2.jpeg 1289w\" sizes=\"auto, (max-width: 1024px) 100vw, 1024px\" \/><\/figure>\n\n\n\n<p><br>Su historia gener\u00f3 muestras de solidaridad entre muchos salvadore\u00f1os, quienes siguieron de cerca su regreso al pa\u00eds y el reencuentro con su familia.<br>Durante las honras f\u00fanebres realizadas en su comunidad, familiares y amigos recordaron a Rivera como un hombre trabajador y luchador, destacando que pudo cumplir su deseo de despedirse de la vida rodeado del cari\u00f1o de sus seres queridos.<br>La despedida estuvo marcada por muestras de afecto y acompa\u00f1amiento comunitario, reflejando el impacto que su historia tuvo entre quienes conocieron su situaci\u00f3n y se solidarizaron con su regreso a casa.<\/p>\n\n\n\n<figure class=\"wp-block-image size-full\"><img loading=\"lazy\" decoding=\"async\" width=\"1024\" height=\"1024\" src=\"https:\/\/elmetidosv.com\/wp-content\/uploads\/2026\/02\/santeins-2-bueno.jpeg\" alt=\"\" class=\"wp-image-23574\" srcset=\"https:\/\/elmetidosv.com\/wp-content\/uploads\/2026\/02\/santeins-2-bueno.jpeg 1024w, https:\/\/elmetidosv.com\/wp-content\/uploads\/2026\/02\/santeins-2-bueno-300x300.jpeg 300w, https:\/\/elmetidosv.com\/wp-content\/uploads\/2026\/02\/santeins-2-bueno-150x150.jpeg 150w, https:\/\/elmetidosv.com\/wp-content\/uploads\/2026\/02\/santeins-2-bueno-768x768.jpeg 768w\" sizes=\"auto, (max-width: 1024px) 100vw, 1024px\" \/><\/figure>\n","protected":false},"excerpt":{"rendered":"<p>Ahuachap\u00e1n, El Salvador. \u2014 Familiares, amigos y habitantes de la comunidad despidieron este d\u00eda a Julio C\u00e9sar Rivera en el<\/p>\n","protected":false},"author":2,"featured_media":24300,"comment_status":"closed","ping_status":"","sticky":false,"template":"","format":"standard","meta":{"colormag_page_container_layout":"default_layout","colormag_page_sidebar_layout":"default_layout","footnotes":""},"categories":[1],"tags":[40,4711,4709,259,4714,4716,257,4707,4710,4715,4708,4717,4712,4713,2510,754],"class_list":["post-24299","post","type-post","status-publish","format-standard","has-post-thumbnail","hentry","category-nacional","tag-ahuachapan","tag-cara-sucia","tag-cara-sucia-despedida","tag-comunidad","tag-comunidad-despide-a-salvadoreno-tags-el-salvador","tag-despedida","tag-funeral","tag-funeral-cara-sucia-ahuachapan","tag-historia-conmovedora-el-salvador","tag-historia-humana","tag-julio-cesar-rivera-ahuachapan","tag-migracion-2","tag-salvadoreno-cumple-ultimo-deseo-regresar-a-su-tierra","tag-salvadoreno-regresa-de-estados-unidos-enfermo","tag-salvadorenos-en-el-exterior","tag-solidaridad"],"_links":{"self":[{"href":"https:\/\/elmetidosv.com\/index.php?rest_route=\/wp\/v2\/posts\/24299","targetHints":{"allow":["GET"]}}],"collection":[{"href":"https:\/\/elmetidosv.com\/index.php?rest_route=\/wp\/v2\/posts"}],"about":[{"href":"https:\/\/elmetidosv.com\/index.php?rest_route=\/wp\/v2\/types\/post"}],"author":[{"embeddable":true,"href":"https:\/\/elmetidosv.com\/index.php?rest_route=\/wp\/v2\/users\/2"}],"replies":[{"embeddable":true,"href":"https:\/\/elmetidosv.com\/index.php?rest_route=%2Fwp%2Fv2%2Fcomments&post=24299"}],"version-history":[{"count":1,"href":"https:\/\/elmetidosv.com\/index.php?rest_route=\/wp\/v2\/posts\/24299\/revisions"}],"predecessor-version":[{"id":24303,"href":"https:\/\/elmetidosv.com\/index.php?rest_route=\/wp\/v2\/posts\/24299\/revisions\/24303"}],"wp:featuredmedia":[{"embeddable":true,"href":"https:\/\/elmetidosv.com\/index.php?rest_route=\/wp\/v2\/media\/24300"}],"wp:attachment":[{"href":"https:\/\/elmetidosv.com\/index.php?rest_route=%2Fwp%2Fv2%2Fmedia&parent=24299"}],"wp:term":[{"taxonomy":"category","embeddable":true,"href":"https:\/\/elmetidosv.com\/index.php?rest_route=%2Fwp%2Fv2%2Fcategories&post=24299"},{"taxonomy":"post_tag","embeddable":true,"href":"https:\/\/elmetidosv.com\/index.php?rest_route=%2Fwp%2Fv2%2Ftags&post=24299"}],"curies":[{"name":"wp","href":"https:\/\/api.w.org\/{rel}","templated":true}]}}