{"id":24268,"date":"2026-03-05T11:44:20","date_gmt":"2026-03-05T17:44:20","guid":{"rendered":"https:\/\/elmetidosv.com\/?p=24268"},"modified":"2026-03-05T11:44:20","modified_gmt":"2026-03-05T17:44:20","slug":"condenaron-a-20-anos-de-prision-a-un-hombre-por-un-homicidio-ocurrido-en-jiquiliscousulutan","status":"publish","type":"post","link":"https:\/\/elmetidosv.com\/?p=24268","title":{"rendered":"CONDENARON A 20 A\u00d1OS DE PRISI\u00d3N A UN HOMBRE POR UN HOMICIDIO OCURRIDO EN JIQUILISCO,USULUT\u00c1N"},"content":{"rendered":"\n<p>San Salvador, El Salvador. \u2014 La Fiscal\u00eda General de la Rep\u00fablica (FGR) inform\u00f3 que Alexander Antonio Garc\u00eda fue condenado a 20 a\u00f1os de prisi\u00f3n por su responsabilidad en un homicidio ocurrido en octubre de 2013 en el municipio de Jiquilisco.<br>De acuerdo con la investigaci\u00f3n fiscal, los hechos se registraron tras una discusi\u00f3n, momento en el que Garc\u00eda, junto a otros dos sujetos, atac\u00f3 a la v\u00edctima con armas cortopunzantes. Posteriormente, los involucrados abandonaron el lugar, dejando a la persona lesionada.<br>La v\u00edctima fue trasladada al Hospital San Juan de Dios, donde falleci\u00f3 debido a la gravedad de las heridas, seg\u00fan detallaron las autoridades.<br>La condena fue impuesta por el tribunal correspondiente tras valorar las pruebas presentadas por la representaci\u00f3n fiscal. La FGR reiter\u00f3 su compromiso de continuar promoviendo procesos judiciales orientados al esclarecimiento de hechos delictivos y la aplicaci\u00f3n de la ley conforme al debido proceso.<\/p>\n\n\n\n<figure class=\"wp-block-image size-large is-resized\"><img loading=\"lazy\" decoding=\"async\" width=\"676\" height=\"1024\" src=\"https:\/\/elmetidosv.com\/wp-content\/uploads\/2026\/03\/loco-2-676x1024.jpeg\" alt=\"\" class=\"wp-image-24270\" style=\"width:760px;height:auto\" srcset=\"https:\/\/elmetidosv.com\/wp-content\/uploads\/2026\/03\/loco-2-676x1024.jpeg 676w, https:\/\/elmetidosv.com\/wp-content\/uploads\/2026\/03\/loco-2-198x300.jpeg 198w, https:\/\/elmetidosv.com\/wp-content\/uploads\/2026\/03\/loco-2-768x1164.jpeg 768w, https:\/\/elmetidosv.com\/wp-content\/uploads\/2026\/03\/loco-2-1014x1536.jpeg 1014w, https:\/\/elmetidosv.com\/wp-content\/uploads\/2026\/03\/loco-2.jpeg 1056w\" sizes=\"auto, (max-width: 676px) 100vw, 676px\" \/><\/figure>\n","protected":false},"excerpt":{"rendered":"<p>San Salvador, El Salvador. \u2014 La Fiscal\u00eda General de la Rep\u00fablica (FGR) inform\u00f3 que Alexander Antonio Garc\u00eda fue condenado a<\/p>\n","protected":false},"author":2,"featured_media":24269,"comment_status":"closed","ping_status":"","sticky":false,"template":"","format":"standard","meta":{"colormag_page_container_layout":"default_layout","colormag_page_sidebar_layout":"default_layout","footnotes":""},"categories":[1],"tags":[4639,4637,363,4641,675,4638,4640,101,82,4643,71,137,93,44,4642,41,99],"class_list":["post-24268","post","type-post","status-publish","format-standard","has-post-thumbnail","hentry","category-nacional","tag-alexander-antonio-garcia-sentencia","tag-condena-20-anos-el-salvador","tag-fgr","tag-fgr-caso-2013","tag-homicidio","tag-homicidio-jiquilisco","tag-hospital-san-juan-de-dios-san-miguel","tag-jiquilisco","tag-justicia","tag-justicia-salvadorena-tags-el-salvador-2","tag-proceso-judicial-el-salvador","tag-san-miguel","tag-seguridad","tag-sentencia","tag-tribunal-el-salvador","tag-tribunales","tag-usulutan"],"_links":{"self":[{"href":"https:\/\/elmetidosv.com\/index.php?rest_route=\/wp\/v2\/posts\/24268","targetHints":{"allow":["GET"]}}],"collection":[{"href":"https:\/\/elmetidosv.com\/index.php?rest_route=\/wp\/v2\/posts"}],"about":[{"href":"https:\/\/elmetidosv.com\/index.php?rest_route=\/wp\/v2\/types\/post"}],"author":[{"embeddable":true,"href":"https:\/\/elmetidosv.com\/index.php?rest_route=\/wp\/v2\/users\/2"}],"replies":[{"embeddable":true,"href":"https:\/\/elmetidosv.com\/index.php?rest_route=%2Fwp%2Fv2%2Fcomments&post=24268"}],"version-history":[{"count":1,"href":"https:\/\/elmetidosv.com\/index.php?rest_route=\/wp\/v2\/posts\/24268\/revisions"}],"predecessor-version":[{"id":24271,"href":"https:\/\/elmetidosv.com\/index.php?rest_route=\/wp\/v2\/posts\/24268\/revisions\/24271"}],"wp:featuredmedia":[{"embeddable":true,"href":"https:\/\/elmetidosv.com\/index.php?rest_route=\/wp\/v2\/media\/24269"}],"wp:attachment":[{"href":"https:\/\/elmetidosv.com\/index.php?rest_route=%2Fwp%2Fv2%2Fmedia&parent=24268"}],"wp:term":[{"taxonomy":"category","embeddable":true,"href":"https:\/\/elmetidosv.com\/index.php?rest_route=%2Fwp%2Fv2%2Fcategories&post=24268"},{"taxonomy":"post_tag","embeddable":true,"href":"https:\/\/elmetidosv.com\/index.php?rest_route=%2Fwp%2Fv2%2Ftags&post=24268"}],"curies":[{"name":"wp","href":"https:\/\/api.w.org\/{rel}","templated":true}]}}