{"id":24219,"date":"2026-03-04T10:23:28","date_gmt":"2026-03-04T16:23:28","guid":{"rendered":"https:\/\/elmetidosv.com\/?p=24219"},"modified":"2026-03-04T10:23:28","modified_gmt":"2026-03-04T16:23:28","slug":"pronostico-cielos-despejados-y-posibles-lluvias-por-la-tarde-y-noche-de-este-miercoles","status":"publish","type":"post","link":"https:\/\/elmetidosv.com\/?p=24219","title":{"rendered":"PRON\u00d3STICO: CIELOS DESPEJADOS Y POSIBLES LLUVIAS POR LA TARDE Y NOCHE DE ESTE MI\u00c9RCOLES"},"content":{"rendered":"\n<p>El Ministerio de Medio Ambiente y Recursos Naturales inform\u00f3 que durante la ma\u00f1ana se espera cielo despejado en gran parte del pa\u00eds.<br>Para el mediod\u00eda y la tarde, se prev\u00e9 la formaci\u00f3n de nubosidad en la zona monta\u00f1osa del norte y en la franja volc\u00e1nica, donde podr\u00edan registrarse lluvias puntuales.<br>En horas de la noche, la nubosidad se concentrar\u00e1 en sectores de la zona central y oriental, con probabilidad de precipitaciones aisladas.<br>Las autoridades recomiendan mantenerse informados a trav\u00e9s de los canales oficiales ante cualquier actualizaci\u00f3n del pron\u00f3stico.<\/p>\n\n\n\n<figure class=\"wp-block-image size-full\"><img loading=\"lazy\" decoding=\"async\" width=\"1024\" height=\"1024\" src=\"https:\/\/elmetidosv.com\/wp-content\/uploads\/2026\/02\/SANTEIN-2.jpeg\" alt=\"\" class=\"wp-image-23806\" srcset=\"https:\/\/elmetidosv.com\/wp-content\/uploads\/2026\/02\/SANTEIN-2.jpeg 1024w, https:\/\/elmetidosv.com\/wp-content\/uploads\/2026\/02\/SANTEIN-2-300x300.jpeg 300w, https:\/\/elmetidosv.com\/wp-content\/uploads\/2026\/02\/SANTEIN-2-150x150.jpeg 150w, https:\/\/elmetidosv.com\/wp-content\/uploads\/2026\/02\/SANTEIN-2-768x768.jpeg 768w\" sizes=\"auto, (max-width: 1024px) 100vw, 1024px\" \/><\/figure>\n","protected":false},"excerpt":{"rendered":"<p>El Ministerio de Medio Ambiente y Recursos Naturales inform\u00f3 que durante la ma\u00f1ana se espera cielo despejado en gran parte<\/p>\n","protected":false},"author":2,"featured_media":24220,"comment_status":"closed","ping_status":"","sticky":false,"template":"","format":"standard","meta":{"colormag_page_container_layout":"default_layout","colormag_page_sidebar_layout":"default_layout","footnotes":""},"categories":[1],"tags":[110,4514,4515,4518,31,4511,4513,377,4512,4516,4279,4517,122,1013],"class_list":["post-24219","post","type-post","status-publish","format-standard","has-post-thumbnail","hentry","category-nacional","tag-accidente-de-transito","tag-accidente-de-transito-el-encuentro-el-sitio","tag-accidente-en-el-sitio-san-miguel","tag-el-encuentro-el-sitio","tag-el-salvador","tag-geovany-isolino-bercian-cruz","tag-lolotique","tag-motociclista","tag-motociclista-fallecido-en-san-miguel","tag-motociclista-lolotique","tag-noticias-2026","tag-percance-vial-2026-tags-san-miguel","tag-seguridad-vial","tag-seguridad-vial-el-salvador"],"_links":{"self":[{"href":"https:\/\/elmetidosv.com\/index.php?rest_route=\/wp\/v2\/posts\/24219","targetHints":{"allow":["GET"]}}],"collection":[{"href":"https:\/\/elmetidosv.com\/index.php?rest_route=\/wp\/v2\/posts"}],"about":[{"href":"https:\/\/elmetidosv.com\/index.php?rest_route=\/wp\/v2\/types\/post"}],"author":[{"embeddable":true,"href":"https:\/\/elmetidosv.com\/index.php?rest_route=\/wp\/v2\/users\/2"}],"replies":[{"embeddable":true,"href":"https:\/\/elmetidosv.com\/index.php?rest_route=%2Fwp%2Fv2%2Fcomments&post=24219"}],"version-history":[{"count":1,"href":"https:\/\/elmetidosv.com\/index.php?rest_route=\/wp\/v2\/posts\/24219\/revisions"}],"predecessor-version":[{"id":24221,"href":"https:\/\/elmetidosv.com\/index.php?rest_route=\/wp\/v2\/posts\/24219\/revisions\/24221"}],"wp:featuredmedia":[{"embeddable":true,"href":"https:\/\/elmetidosv.com\/index.php?rest_route=\/wp\/v2\/media\/24220"}],"wp:attachment":[{"href":"https:\/\/elmetidosv.com\/index.php?rest_route=%2Fwp%2Fv2%2Fmedia&parent=24219"}],"wp:term":[{"taxonomy":"category","embeddable":true,"href":"https:\/\/elmetidosv.com\/index.php?rest_route=%2Fwp%2Fv2%2Fcategories&post=24219"},{"taxonomy":"post_tag","embeddable":true,"href":"https:\/\/elmetidosv.com\/index.php?rest_route=%2Fwp%2Fv2%2Ftags&post=24219"}],"curies":[{"name":"wp","href":"https:\/\/api.w.org\/{rel}","templated":true}]}}