{"id":24084,"date":"2026-03-01T15:26:42","date_gmt":"2026-03-01T21:26:42","guid":{"rendered":"https:\/\/elmetidosv.com\/?p=24084"},"modified":"2026-03-01T15:26:42","modified_gmt":"2026-03-01T21:26:42","slug":"mujer-fallece-y-menor-resulta-lesionado-en-accidente-vial-en-zacatecoluca","status":"publish","type":"post","link":"https:\/\/elmetidosv.com\/?p=24084","title":{"rendered":"MUJER FALLECE Y MENOR RESULTA LESIONADO EN ACCIDENTE VIAL EN ZACATECOLUCA"},"content":{"rendered":"\n<figure class=\"wp-block-image size-large\"><img loading=\"lazy\" decoding=\"async\" width=\"819\" height=\"1024\" src=\"https:\/\/elmetidosv.com\/wp-content\/uploads\/2026\/03\/13-819x1024.jpg\" alt=\"\" class=\"wp-image-24087\" srcset=\"https:\/\/elmetidosv.com\/wp-content\/uploads\/2026\/03\/13-819x1024.jpg 819w, https:\/\/elmetidosv.com\/wp-content\/uploads\/2026\/03\/13-240x300.jpg 240w, https:\/\/elmetidosv.com\/wp-content\/uploads\/2026\/03\/13-768x960.jpg 768w, https:\/\/elmetidosv.com\/wp-content\/uploads\/2026\/03\/13.jpg 960w\" sizes=\"auto, (max-width: 819px) 100vw, 819px\" \/><\/figure>\n\n\n\n<p>Zacatecoluca, La Paz, 1 de marzo de 2026. \u2014 Una mujer falleci\u00f3 y un menor de edad result\u00f3 lesionado tras un accidente de tr\u00e1nsito ocurrido en el desv\u00edo hacia Cuyultit\u00e1n, en el departamento de La Paz, informaron fuentes de primera respuesta.<\/p>\n\n\n\n<p>El hecho se registr\u00f3 en las cercan\u00edas de Zacatecoluca, cuando el veh\u00edculo en el que se conduc\u00edan colision\u00f3 contra un cami\u00f3n por causas que a\u00fan son investigadas por las autoridades competentes.<\/p>\n\n\n\n<p>De acuerdo con reportes preliminares, la mujer perdi\u00f3 la vida en el lugar debido a la gravedad del impacto. El menor que la acompa\u00f1aba fue atendido por equipos de socorro y posteriormente trasladado a un centro hospitalario para recibir atenci\u00f3n m\u00e9dica especializada.<\/p>\n\n\n\n<p>Personal policial y cuerpos de emergencia acordonaron la zona para realizar las inspecciones correspondientes y determinar las circunstancias del percance.<\/p>\n\n\n\n<p>Las autoridades reiteraron el llamado a los conductores a respetar las normas de tr\u00e1nsito y mantener precauci\u00f3n en carretera para prevenir este tipo de hechos.<\/p>\n\n\n\n<figure class=\"wp-block-image size-large\"><img loading=\"lazy\" decoding=\"async\" width=\"1024\" height=\"576\" src=\"https:\/\/elmetidosv.com\/wp-content\/uploads\/2026\/03\/14-1024x576.jpg\" alt=\"\" class=\"wp-image-24088\" srcset=\"https:\/\/elmetidosv.com\/wp-content\/uploads\/2026\/03\/14-1024x576.jpg 1024w, https:\/\/elmetidosv.com\/wp-content\/uploads\/2026\/03\/14-300x169.jpg 300w, https:\/\/elmetidosv.com\/wp-content\/uploads\/2026\/03\/14-768x432.jpg 768w, https:\/\/elmetidosv.com\/wp-content\/uploads\/2026\/03\/14-1536x864.jpg 1536w, https:\/\/elmetidosv.com\/wp-content\/uploads\/2026\/03\/14.jpg 1600w\" sizes=\"auto, (max-width: 1024px) 100vw, 1024px\" \/><\/figure>\n","protected":false},"excerpt":{"rendered":"<p>Zacatecoluca, La Paz, 1 de marzo de 2026. \u2014 Una mujer falleci\u00f3 y un menor de edad result\u00f3 lesionado tras<\/p>\n","protected":false},"author":2,"featured_media":24086,"comment_status":"closed","ping_status":"","sticky":false,"template":"","format":"standard","meta":{"colormag_page_container_layout":"default_layout","colormag_page_sidebar_layout":"default_layout","footnotes":""},"categories":[1],"tags":[110,4329,4331,4332,4326,31,330,4330,453,860,4325,1641,4279,4327,122,4328],"class_list":["post-24084","post","type-post","status-publish","format-standard","has-post-thumbnail","hentry","category-nacional","tag-accidente-de-transito","tag-accidente-en-zacatecoluca","tag-choque-contra-camion-la-paz","tag-cuyultitan","tag-desvio-a-cuyultitan","tag-el-salvador","tag-emergencia","tag-emergencia-en-la-paz-tags-zacatecoluca","tag-la-paz","tag-lesionados","tag-menor-lesionado","tag-mujer-fallecida-en-accidente","tag-noticias-2026","tag-percance-vial-el-salvador","tag-seguridad-vial","tag-transito-2026"],"_links":{"self":[{"href":"https:\/\/elmetidosv.com\/index.php?rest_route=\/wp\/v2\/posts\/24084","targetHints":{"allow":["GET"]}}],"collection":[{"href":"https:\/\/elmetidosv.com\/index.php?rest_route=\/wp\/v2\/posts"}],"about":[{"href":"https:\/\/elmetidosv.com\/index.php?rest_route=\/wp\/v2\/types\/post"}],"author":[{"embeddable":true,"href":"https:\/\/elmetidosv.com\/index.php?rest_route=\/wp\/v2\/users\/2"}],"replies":[{"embeddable":true,"href":"https:\/\/elmetidosv.com\/index.php?rest_route=%2Fwp%2Fv2%2Fcomments&post=24084"}],"version-history":[{"count":1,"href":"https:\/\/elmetidosv.com\/index.php?rest_route=\/wp\/v2\/posts\/24084\/revisions"}],"predecessor-version":[{"id":24089,"href":"https:\/\/elmetidosv.com\/index.php?rest_route=\/wp\/v2\/posts\/24084\/revisions\/24089"}],"wp:featuredmedia":[{"embeddable":true,"href":"https:\/\/elmetidosv.com\/index.php?rest_route=\/wp\/v2\/media\/24086"}],"wp:attachment":[{"href":"https:\/\/elmetidosv.com\/index.php?rest_route=%2Fwp%2Fv2%2Fmedia&parent=24084"}],"wp:term":[{"taxonomy":"category","embeddable":true,"href":"https:\/\/elmetidosv.com\/index.php?rest_route=%2Fwp%2Fv2%2Fcategories&post=24084"},{"taxonomy":"post_tag","embeddable":true,"href":"https:\/\/elmetidosv.com\/index.php?rest_route=%2Fwp%2Fv2%2Ftags&post=24084"}],"curies":[{"name":"wp","href":"https:\/\/api.w.org\/{rel}","templated":true}]}}