{"id":24006,"date":"2026-02-28T08:56:30","date_gmt":"2026-02-28T14:56:30","guid":{"rendered":"https:\/\/elmetidosv.com\/?p=24006"},"modified":"2026-02-28T08:57:09","modified_gmt":"2026-02-28T14:57:09","slug":"identificaron-a-los-dos-hombres-que-perdieron-la-vida-mientras-trabajaban-dentro-de-un-pozo-en-san-vicente","status":"publish","type":"post","link":"https:\/\/elmetidosv.com\/?p=24006","title":{"rendered":"IDENTIFICARON A LOS DOS HOMBRES QUE PERDIERON LA VIDA MIENTRAS TRABAJABAN DENTRO DE UN POZO EN SAN VICENTE"},"content":{"rendered":"\n<figure class=\"wp-block-image size-full is-resized\"><img loading=\"lazy\" decoding=\"async\" width=\"423\" height=\"138\" src=\"https:\/\/elmetidosv.com\/wp-content\/uploads\/2026\/02\/TIO-Y-SOBRINO-.png\" alt=\"\" class=\"wp-image-24008\" style=\"width:742px;height:auto\" srcset=\"https:\/\/elmetidosv.com\/wp-content\/uploads\/2026\/02\/TIO-Y-SOBRINO-.png 423w, https:\/\/elmetidosv.com\/wp-content\/uploads\/2026\/02\/TIO-Y-SOBRINO--300x98.png 300w\" sizes=\"auto, (max-width: 423px) 100vw, 423px\" \/><\/figure>\n\n\n\n<p>Una tragedia enluta al cant\u00f3n Llanos de Achichilco, en el municipio de <strong>San Vicente<\/strong>, donde dos hombres fallecieron mientras realizaban labores al interior de un pozo.<\/p>\n\n\n\n<p>Las v\u00edctimas fueron identificadas como Jos\u00e9 Noel Renderos Palacios, de 45 a\u00f1os, y Denis Francisco Cetino Palacio, de 23, quienes eran t\u00edo y sobrino. De acuerdo con informaci\u00f3n preliminar, ambos se encontraban trabajando en un pozo de aproximadamente 11 metros de profundidad cuando ocurri\u00f3 el incidente.<\/p>\n\n\n\n<p>Tras la alerta, equipos de socorro se desplazaron r\u00e1pidamente al lugar para ejecutar maniobras de rescate. Sin embargo, al momento de ser extra\u00eddos, los dos hombres ya no presentaban signos vitales.<\/p>\n\n\n\n<p>Las autoridades correspondientes han iniciado las investigaciones para determinar con precisi\u00f3n las circunstancias en que ocurri\u00f3 el hecho. La tragedia ha generado profunda consternaci\u00f3n entre familiares y habitantes de la zona, quienes lamentan la p\u00e9rdida de los trabajadores.<\/p>\n\n\n\n<figure class=\"wp-block-image size-full\"><img loading=\"lazy\" decoding=\"async\" width=\"1024\" height=\"1024\" src=\"https:\/\/elmetidosv.com\/wp-content\/uploads\/2026\/02\/SANTEIN-2.jpeg\" alt=\"\" class=\"wp-image-23806\" srcset=\"https:\/\/elmetidosv.com\/wp-content\/uploads\/2026\/02\/SANTEIN-2.jpeg 1024w, https:\/\/elmetidosv.com\/wp-content\/uploads\/2026\/02\/SANTEIN-2-300x300.jpeg 300w, https:\/\/elmetidosv.com\/wp-content\/uploads\/2026\/02\/SANTEIN-2-150x150.jpeg 150w, https:\/\/elmetidosv.com\/wp-content\/uploads\/2026\/02\/SANTEIN-2-768x768.jpeg 768w\" sizes=\"auto, (max-width: 1024px) 100vw, 1024px\" \/><\/figure>\n","protected":false},"excerpt":{"rendered":"<p>Una tragedia enluta al cant\u00f3n Llanos de Achichilco, en el municipio de San Vicente, donde dos hombres fallecieron mientras realizaban<\/p>\n","protected":false},"author":2,"featured_media":24007,"comment_status":"closed","ping_status":"","sticky":false,"template":"","format":"standard","meta":{"colormag_page_container_layout":"default_layout","colormag_page_sidebar_layout":"default_layout","footnotes":""},"categories":[1],"tags":[4137,1150,4038,4136,4139,4141,4143,4138,4145,4147,4142,4148,4140,883,243,4146,4134,4135,1234,4144],"class_list":["post-24006","post","type-post","status-publish","format-standard","has-post-thumbnail","hentry","category-nacional","tag-accidente-en-pozo","tag-accidente-laboral-el-salvador","tag-autoridades-investigan","tag-canton-llanos-de-achichilco","tag-emergencia-en-zona-rural","tag-labores-en-pozo-profundo","tag-luto-en-san-vicente","tag-muerte-por-asfixia","tag-noticias-de-san-vicente","tag-pozo-de-11-metros","tag-rescate-en-pozo","tag-rescate-fallido","tag-san-vicente-el-salvador","tag-socorristas-el-salvador","tag-sucesos-el-salvador","tag-tio-y-sobrino-fallecen","tag-trabajadores-fallecidos","tag-tragedia-en-san-vicente","tag-tragedia-familiar","tag-victimas-identificadas"],"_links":{"self":[{"href":"https:\/\/elmetidosv.com\/index.php?rest_route=\/wp\/v2\/posts\/24006","targetHints":{"allow":["GET"]}}],"collection":[{"href":"https:\/\/elmetidosv.com\/index.php?rest_route=\/wp\/v2\/posts"}],"about":[{"href":"https:\/\/elmetidosv.com\/index.php?rest_route=\/wp\/v2\/types\/post"}],"author":[{"embeddable":true,"href":"https:\/\/elmetidosv.com\/index.php?rest_route=\/wp\/v2\/users\/2"}],"replies":[{"embeddable":true,"href":"https:\/\/elmetidosv.com\/index.php?rest_route=%2Fwp%2Fv2%2Fcomments&post=24006"}],"version-history":[{"count":1,"href":"https:\/\/elmetidosv.com\/index.php?rest_route=\/wp\/v2\/posts\/24006\/revisions"}],"predecessor-version":[{"id":24009,"href":"https:\/\/elmetidosv.com\/index.php?rest_route=\/wp\/v2\/posts\/24006\/revisions\/24009"}],"wp:featuredmedia":[{"embeddable":true,"href":"https:\/\/elmetidosv.com\/index.php?rest_route=\/wp\/v2\/media\/24007"}],"wp:attachment":[{"href":"https:\/\/elmetidosv.com\/index.php?rest_route=%2Fwp%2Fv2%2Fmedia&parent=24006"}],"wp:term":[{"taxonomy":"category","embeddable":true,"href":"https:\/\/elmetidosv.com\/index.php?rest_route=%2Fwp%2Fv2%2Fcategories&post=24006"},{"taxonomy":"post_tag","embeddable":true,"href":"https:\/\/elmetidosv.com\/index.php?rest_route=%2Fwp%2Fv2%2Ftags&post=24006"}],"curies":[{"name":"wp","href":"https:\/\/api.w.org\/{rel}","templated":true}]}}