{"id":24002,"date":"2026-02-28T08:41:44","date_gmt":"2026-02-28T14:41:44","guid":{"rendered":"https:\/\/elmetidosv.com\/?p=24002"},"modified":"2026-02-28T08:41:44","modified_gmt":"2026-02-28T14:41:44","slug":"dos-familiares-fallecieron-en-un-accidente-ocurrido-en-un-pozo-en-san-vicente","status":"publish","type":"post","link":"https:\/\/elmetidosv.com\/?p=24002","title":{"rendered":"DOS FAMILIARES FALLECIERON EN UN ACCIDENTE OCURRIDO EN UN POZO EN SAN VICENTE"},"content":{"rendered":"\n<figure class=\"wp-block-image size-large\"><img loading=\"lazy\" decoding=\"async\" width=\"1024\" height=\"1024\" src=\"https:\/\/elmetidosv.com\/wp-content\/uploads\/2026\/02\/pozo-2-1024x1024.jpeg\" alt=\"\" class=\"wp-image-24004\" srcset=\"https:\/\/elmetidosv.com\/wp-content\/uploads\/2026\/02\/pozo-2-1024x1024.jpeg 1024w, https:\/\/elmetidosv.com\/wp-content\/uploads\/2026\/02\/pozo-2-300x300.jpeg 300w, https:\/\/elmetidosv.com\/wp-content\/uploads\/2026\/02\/pozo-2-150x150.jpeg 150w, https:\/\/elmetidosv.com\/wp-content\/uploads\/2026\/02\/pozo-2-768x768.jpeg 768w, https:\/\/elmetidosv.com\/wp-content\/uploads\/2026\/02\/pozo-2.jpeg 1440w\" sizes=\"auto, (max-width: 1024px) 100vw, 1024px\" \/><\/figure>\n\n\n\n<p>Una emergencia se registr\u00f3 en el cant\u00f3n Llanos de Achichilco, distrito de San Vicente Sur, donde personal del Cuerpo de Bomberos de El Salvador atendi\u00f3 el rescate de varias personas que se encontraban dentro de un pozo de aproximadamente 11 metros de profundidad.<br>Tras las labores de recuperaci\u00f3n, las autoridades confirmaron el fallecimiento de Jos\u00e9 Noel Renderos Palacios, de 45 a\u00f1os, y Denis Francisco Cetino Palacio, de 23, quienes, de acuerdo con el reporte preliminar, murieron por asfixia. Ambos eran t\u00edo y sobrino.<br>Seg\u00fan familiares, los hombres realizaban trabajos en el interior del pozo cuando ocurri\u00f3 el incidente.<br>En el mismo hecho, un tercer hombre identificado como Juan Jos\u00e9 Renderos Cl\u00edmaco, de entre 50 y 55 a\u00f1os, fue trasladado en un veh\u00edculo particular al hospital de San Vicente con diagn\u00f3stico de intoxicaci\u00f3n por mon\u00f3xido de carbono.<br>Las autoridades no han brindado mayores detalles sobre las circunstancias espec\u00edficas del accidente. El caso se mantiene bajo verificaci\u00f3n mientras se desarrollan los procedimientos correspondientes.<\/p>\n\n\n\n<figure class=\"wp-block-image size-full\"><img loading=\"lazy\" decoding=\"async\" width=\"1024\" height=\"1024\" src=\"https:\/\/elmetidosv.com\/wp-content\/uploads\/2026\/02\/SANTEIN-2.jpeg\" alt=\"\" class=\"wp-image-23806\" srcset=\"https:\/\/elmetidosv.com\/wp-content\/uploads\/2026\/02\/SANTEIN-2.jpeg 1024w, https:\/\/elmetidosv.com\/wp-content\/uploads\/2026\/02\/SANTEIN-2-300x300.jpeg 300w, https:\/\/elmetidosv.com\/wp-content\/uploads\/2026\/02\/SANTEIN-2-150x150.jpeg 150w, https:\/\/elmetidosv.com\/wp-content\/uploads\/2026\/02\/SANTEIN-2-768x768.jpeg 768w\" sizes=\"auto, (max-width: 1024px) 100vw, 1024px\" \/><\/figure>\n","protected":false},"excerpt":{"rendered":"<p>Una emergencia se registr\u00f3 en el cant\u00f3n Llanos de Achichilco, distrito de San Vicente Sur, donde personal del Cuerpo de<\/p>\n","protected":false},"author":2,"featured_media":24003,"comment_status":"closed","ping_status":"","sticky":false,"template":"","format":"standard","meta":{"colormag_page_container_layout":"default_layout","colormag_page_sidebar_layout":"default_layout","footnotes":""},"categories":[1],"tags":[261,4126,4133,4127,58,330,4132,4130,886,4128,4129,4131,382,834],"class_list":["post-24002","post","type-post","status-publish","format-standard","has-post-thumbnail","hentry","category-nacional","tag-accidente","tag-accidente-en-pozo-san-vicente","tag-asfixia","tag-asfixia-en-pozo","tag-cuerpo-de-bomberos-de-el-salvador","tag-emergencia","tag-emergencia-en-san-vicente-sur-tags-el-salvador","tag-fallecidos-en-llanos-de-achichilco","tag-intoxicacion","tag-intoxicacion-por-monoxido-de-carbono","tag-llanos-de-achichilco","tag-pozo","tag-rescate","tag-san-vicente-sur"],"_links":{"self":[{"href":"https:\/\/elmetidosv.com\/index.php?rest_route=\/wp\/v2\/posts\/24002","targetHints":{"allow":["GET"]}}],"collection":[{"href":"https:\/\/elmetidosv.com\/index.php?rest_route=\/wp\/v2\/posts"}],"about":[{"href":"https:\/\/elmetidosv.com\/index.php?rest_route=\/wp\/v2\/types\/post"}],"author":[{"embeddable":true,"href":"https:\/\/elmetidosv.com\/index.php?rest_route=\/wp\/v2\/users\/2"}],"replies":[{"embeddable":true,"href":"https:\/\/elmetidosv.com\/index.php?rest_route=%2Fwp%2Fv2%2Fcomments&post=24002"}],"version-history":[{"count":1,"href":"https:\/\/elmetidosv.com\/index.php?rest_route=\/wp\/v2\/posts\/24002\/revisions"}],"predecessor-version":[{"id":24005,"href":"https:\/\/elmetidosv.com\/index.php?rest_route=\/wp\/v2\/posts\/24002\/revisions\/24005"}],"wp:featuredmedia":[{"embeddable":true,"href":"https:\/\/elmetidosv.com\/index.php?rest_route=\/wp\/v2\/media\/24003"}],"wp:attachment":[{"href":"https:\/\/elmetidosv.com\/index.php?rest_route=%2Fwp%2Fv2%2Fmedia&parent=24002"}],"wp:term":[{"taxonomy":"category","embeddable":true,"href":"https:\/\/elmetidosv.com\/index.php?rest_route=%2Fwp%2Fv2%2Fcategories&post=24002"},{"taxonomy":"post_tag","embeddable":true,"href":"https:\/\/elmetidosv.com\/index.php?rest_route=%2Fwp%2Fv2%2Ftags&post=24002"}],"curies":[{"name":"wp","href":"https:\/\/api.w.org\/{rel}","templated":true}]}}