{"id":23999,"date":"2026-02-28T08:33:51","date_gmt":"2026-02-28T14:33:51","guid":{"rendered":"https:\/\/elmetidosv.com\/?p=23999"},"modified":"2026-02-28T08:38:10","modified_gmt":"2026-02-28T14:38:10","slug":"explosiones-en-bahrein-abu-dabi-y-qatar-elevan-tension-en-medio-oriente","status":"publish","type":"post","link":"https:\/\/elmetidosv.com\/?p=23999","title":{"rendered":"EXPLOSIONES EN BAHREIN, ABU DABI Y QATAR ELEVAN TENSI\u00d3N EN MEDIO ORIENTE"},"content":{"rendered":"\n<p>Explosiones fueron reportadas en Bahr\u00e9in, Abu Dabi y Qatar, pa\u00edses que albergan instalaciones militares de Estados Unidos, en un contexto de creciente tensi\u00f3n regional en Medio Oriente.<br>El Ministerio del Interior de Bahr\u00e9in inst\u00f3 a la poblaci\u00f3n a dirigirse a refugios y seguir las indicaciones oficiales, mientras se activaron protocolos de seguridad en distintas ciudades ante el temor de nuevos incidentes.<br>Por su parte, autoridades de Qatar informaron que los sistemas de defensa a\u00e9rea interceptaron al menos dos misiles atribuidos a Ir\u00e1n, seg\u00fan reportes preliminares. Esta situaci\u00f3n se produce tras recientes acciones militares de Estados Unidos contra objetivos en territorio iran\u00ed, lo que ha incrementado la preocupaci\u00f3n por una posible escalada del conflicto.<br>Medios estatales iran\u00edes se\u00f1alaron que uno de los objetivos habr\u00eda sido una base estadounidense en Bahr\u00e9in, sede de la Quinta Flota de la Armada de los Estados Unidos. Hasta el momento, no se ha confirmado oficialmente el alcance de los da\u00f1os ni la existencia de v\u00edctimas.<br>La comunidad internacional mantiene la atenci\u00f3n en el desarrollo de los acontecimientos, mientras gobiernos de la regi\u00f3n refuerzan medidas de seguridad y monitorean la evoluci\u00f3n de la situaci\u00f3n.<\/p>\n","protected":false},"excerpt":{"rendered":"<p>Explosiones fueron reportadas en Bahr\u00e9in, Abu Dabi y Qatar, pa\u00edses que albergan instalaciones militares de Estados Unidos, en un contexto<\/p>\n","protected":false},"author":2,"featured_media":24000,"comment_status":"closed","ping_status":"closed","sticky":false,"template":"","format":"standard","meta":{"colormag_page_container_layout":"default_layout","colormag_page_sidebar_layout":"default_layout","footnotes":""},"categories":[3],"tags":[4114,4123,4121,4122,4124,4117,4119,19,4118,1757,4116,3898,4120,3613,4115,4125],"class_list":["post-23999","post","type-post","status-publish","format-standard","has-post-thumbnail","hentry","category-internacional","tag-abu-dabi","tag-armada-de-los-estados-unidos","tag-bahrein","tag-base-estadounidense-en-bahrein","tag-defensa-aerea","tag-defensa-aerea-qatar","tag-escalada-regional-tags-medio-oriente","tag-estados-unidos","tag-explosiones-en-bahrein","tag-iran","tag-misiles-iranies","tag-qatar","tag-quinta-flota","tag-seguridad-internacional","tag-tension-en-medio-oriente","tag-tension-regional"],"_links":{"self":[{"href":"https:\/\/elmetidosv.com\/index.php?rest_route=\/wp\/v2\/posts\/23999","targetHints":{"allow":["GET"]}}],"collection":[{"href":"https:\/\/elmetidosv.com\/index.php?rest_route=\/wp\/v2\/posts"}],"about":[{"href":"https:\/\/elmetidosv.com\/index.php?rest_route=\/wp\/v2\/types\/post"}],"author":[{"embeddable":true,"href":"https:\/\/elmetidosv.com\/index.php?rest_route=\/wp\/v2\/users\/2"}],"replies":[{"embeddable":true,"href":"https:\/\/elmetidosv.com\/index.php?rest_route=%2Fwp%2Fv2%2Fcomments&post=23999"}],"version-history":[{"count":1,"href":"https:\/\/elmetidosv.com\/index.php?rest_route=\/wp\/v2\/posts\/23999\/revisions"}],"predecessor-version":[{"id":24001,"href":"https:\/\/elmetidosv.com\/index.php?rest_route=\/wp\/v2\/posts\/23999\/revisions\/24001"}],"wp:featuredmedia":[{"embeddable":true,"href":"https:\/\/elmetidosv.com\/index.php?rest_route=\/wp\/v2\/media\/24000"}],"wp:attachment":[{"href":"https:\/\/elmetidosv.com\/index.php?rest_route=%2Fwp%2Fv2%2Fmedia&parent=23999"}],"wp:term":[{"taxonomy":"category","embeddable":true,"href":"https:\/\/elmetidosv.com\/index.php?rest_route=%2Fwp%2Fv2%2Fcategories&post=23999"},{"taxonomy":"post_tag","embeddable":true,"href":"https:\/\/elmetidosv.com\/index.php?rest_route=%2Fwp%2Fv2%2Ftags&post=23999"}],"curies":[{"name":"wp","href":"https:\/\/api.w.org\/{rel}","templated":true}]}}