{"id":23911,"date":"2026-02-26T09:05:57","date_gmt":"2026-02-26T15:05:57","guid":{"rendered":"https:\/\/elmetidosv.com\/?p=23911"},"modified":"2026-02-26T09:05:57","modified_gmt":"2026-02-26T15:05:57","slug":"conductor-de-trailer-fallece-tras-ser-atropellado-en-carretera-del-litoralsalio-a-buscar-comida-y-encontro-la-muerte","status":"publish","type":"post","link":"https:\/\/elmetidosv.com\/?p=23911","title":{"rendered":"CONDUCTOR DE TR\u00c1ILER FALLECE TRAS SER ATROPELLADO EN CARRETERA DEL LITORAL;SALI\u00d3 A BUSCAR COMIDA Y ENCONTR\u00d3 LA MUERTE"},"content":{"rendered":"\n<figure class=\"wp-block-image size-large\"><img loading=\"lazy\" decoding=\"async\" width=\"1024\" height=\"837\" src=\"https:\/\/elmetidosv.com\/wp-content\/uploads\/2026\/02\/rastra-2-1024x837.jpeg\" alt=\"\" class=\"wp-image-23913\" srcset=\"https:\/\/elmetidosv.com\/wp-content\/uploads\/2026\/02\/rastra-2-1024x837.jpeg 1024w, https:\/\/elmetidosv.com\/wp-content\/uploads\/2026\/02\/rastra-2-300x245.jpeg 300w, https:\/\/elmetidosv.com\/wp-content\/uploads\/2026\/02\/rastra-2-768x628.jpeg 768w, https:\/\/elmetidosv.com\/wp-content\/uploads\/2026\/02\/rastra-2.jpeg 1365w\" sizes=\"auto, (max-width: 1024px) 100vw, 1024px\" \/><\/figure>\n\n\n\n<p>Un hombre identificado como Tom\u00e1s Edgardo Bonilla, de 30 a\u00f1os, falleci\u00f3 anoche en el kil\u00f3metro 46\u00bd de la carretera del Litoral, en el sector conocido como La B\u00e1scula del Rosario, en el departamento de La Paz.<br>La v\u00edctima, originaria del cant\u00f3n El Espino, en Zacatecoluca, se desempe\u00f1aba como conductor de tr\u00e1iler. Seg\u00fan la informaci\u00f3n preliminar, se habr\u00eda detenido en la zona para buscar alimentos.<br>Al intentar cruzar la carretera fue embestido por un veh\u00edculo particular cuyo conductor se dio a la fuga tras el impacto.<br>Autoridades policiales realizaron el procedimiento correspondiente en la escena y han iniciado las investigaciones para dar con el responsable del hecho.<\/p>\n\n\n\n<figure class=\"wp-block-image size-full\"><img loading=\"lazy\" decoding=\"async\" width=\"1024\" height=\"1024\" src=\"https:\/\/elmetidosv.com\/wp-content\/uploads\/2026\/02\/SANTEIN-2.jpeg\" alt=\"\" class=\"wp-image-23806\" srcset=\"https:\/\/elmetidosv.com\/wp-content\/uploads\/2026\/02\/SANTEIN-2.jpeg 1024w, https:\/\/elmetidosv.com\/wp-content\/uploads\/2026\/02\/SANTEIN-2-300x300.jpeg 300w, https:\/\/elmetidosv.com\/wp-content\/uploads\/2026\/02\/SANTEIN-2-150x150.jpeg 150w, https:\/\/elmetidosv.com\/wp-content\/uploads\/2026\/02\/SANTEIN-2-768x768.jpeg 768w\" sizes=\"auto, (max-width: 1024px) 100vw, 1024px\" \/><\/figure>\n","protected":false},"excerpt":{"rendered":"<p>Un hombre identificado como Tom\u00e1s Edgardo Bonilla, de 30 a\u00f1os, falleci\u00f3 anoche en el kil\u00f3metro 46\u00bd de la carretera del<\/p>\n","protected":false},"author":2,"featured_media":23912,"comment_status":"closed","ping_status":"","sticky":false,"template":"","format":"standard","meta":{"colormag_page_container_layout":"default_layout","colormag_page_sidebar_layout":"default_layout","footnotes":""},"categories":[1],"tags":[261,110,835,3971,774,380,3972,3970,453,46,539],"class_list":["post-23911","post","type-post","status-publish","format-standard","has-post-thumbnail","hentry","category-nacional","tag-accidente","tag-accidente-de-transito","tag-carretera-del-litoral","tag-conductor-de-trailer","tag-conductor-fallecido","tag-fallecido","tag-fuga-tags-la-paz","tag-la-bascula-del-rosario","tag-la-paz","tag-noticias-el-salvador","tag-zacatecoluca"],"_links":{"self":[{"href":"https:\/\/elmetidosv.com\/index.php?rest_route=\/wp\/v2\/posts\/23911","targetHints":{"allow":["GET"]}}],"collection":[{"href":"https:\/\/elmetidosv.com\/index.php?rest_route=\/wp\/v2\/posts"}],"about":[{"href":"https:\/\/elmetidosv.com\/index.php?rest_route=\/wp\/v2\/types\/post"}],"author":[{"embeddable":true,"href":"https:\/\/elmetidosv.com\/index.php?rest_route=\/wp\/v2\/users\/2"}],"replies":[{"embeddable":true,"href":"https:\/\/elmetidosv.com\/index.php?rest_route=%2Fwp%2Fv2%2Fcomments&post=23911"}],"version-history":[{"count":1,"href":"https:\/\/elmetidosv.com\/index.php?rest_route=\/wp\/v2\/posts\/23911\/revisions"}],"predecessor-version":[{"id":23914,"href":"https:\/\/elmetidosv.com\/index.php?rest_route=\/wp\/v2\/posts\/23911\/revisions\/23914"}],"wp:featuredmedia":[{"embeddable":true,"href":"https:\/\/elmetidosv.com\/index.php?rest_route=\/wp\/v2\/media\/23912"}],"wp:attachment":[{"href":"https:\/\/elmetidosv.com\/index.php?rest_route=%2Fwp%2Fv2%2Fmedia&parent=23911"}],"wp:term":[{"taxonomy":"category","embeddable":true,"href":"https:\/\/elmetidosv.com\/index.php?rest_route=%2Fwp%2Fv2%2Fcategories&post=23911"},{"taxonomy":"post_tag","embeddable":true,"href":"https:\/\/elmetidosv.com\/index.php?rest_route=%2Fwp%2Fv2%2Ftags&post=23911"}],"curies":[{"name":"wp","href":"https:\/\/api.w.org\/{rel}","templated":true}]}}