{"id":23893,"date":"2026-02-26T08:22:13","date_gmt":"2026-02-26T14:22:13","guid":{"rendered":"https:\/\/elmetidosv.com\/?p=23893"},"modified":"2026-02-26T08:22:13","modified_gmt":"2026-02-26T14:22:13","slug":"incendio-en-terreno-con-vegetacion-seca-genera-alerta-en-carretera-al-puerto-de-la-libertad","status":"publish","type":"post","link":"https:\/\/elmetidosv.com\/?p=23893","title":{"rendered":"INCENDIO EN TERRENO CON VEGETACI\u00d3N SECA GENERA ALERTA EN CARRETERA AL PUERTO DE LA LIBERTAD"},"content":{"rendered":"\n<p><strong>La Libertad, El Salvador.<\/strong> \u2014 Un incendio se registr\u00f3 en un terreno con abundante vegetaci\u00f3n seca ubicado en el kil\u00f3metro 21\u00bd de la carretera que conduce al <strong>Puerto de La Libertad<\/strong>, lo que activ\u00f3 la respuesta inmediata de los equipos de emergencia.<\/p>\n\n\n\n<p>Elementos del <strong>Cuerpo de Bomberos de El Salvador<\/strong> realizaron maniobras de control y liquidaci\u00f3n del fuego con el objetivo de evitar su propagaci\u00f3n hacia otras \u00e1reas cercanas y reducir riesgos para los automovilistas y comunidades del sector. Gracias a la pronta intervenci\u00f3n, el incendio fue controlado en su totalidad y no se reportaron personas lesionadas.<\/p>\n\n\n\n<p>Las autoridades reiteraron el llamado a la poblaci\u00f3n a reportar cualquier emergencia a trav\u00e9s del n\u00famero <strong>913<\/strong>, as\u00ed como a evitar pr\u00e1cticas que puedan provocar incendios, especialmente en zonas con vegetaci\u00f3n seca y durante la temporada de altas temperaturas.<\/p>\n\n\n\n<figure class=\"wp-block-image size-large\"><img loading=\"lazy\" decoding=\"async\" width=\"683\" height=\"1024\" src=\"https:\/\/elmetidosv.com\/wp-content\/uploads\/2026\/02\/incendio-3-1-683x1024.jpg\" alt=\"\" class=\"wp-image-23895\" srcset=\"https:\/\/elmetidosv.com\/wp-content\/uploads\/2026\/02\/incendio-3-1-683x1024.jpg 683w, https:\/\/elmetidosv.com\/wp-content\/uploads\/2026\/02\/incendio-3-1-200x300.jpg 200w, https:\/\/elmetidosv.com\/wp-content\/uploads\/2026\/02\/incendio-3-1-768x1152.jpg 768w, https:\/\/elmetidosv.com\/wp-content\/uploads\/2026\/02\/incendio-3-1-1024x1536.jpg 1024w, https:\/\/elmetidosv.com\/wp-content\/uploads\/2026\/02\/incendio-3-1.jpg 1365w\" sizes=\"auto, (max-width: 683px) 100vw, 683px\" \/><\/figure>\n","protected":false},"excerpt":{"rendered":"<p>La Libertad, El Salvador. \u2014 Un incendio se registr\u00f3 en un terreno con abundante vegetaci\u00f3n seca ubicado en el kil\u00f3metro<\/p>\n","protected":false},"author":2,"featured_media":23894,"comment_status":"closed","ping_status":"","sticky":false,"template":"","format":"standard","meta":{"colormag_page_container_layout":"default_layout","colormag_page_sidebar_layout":"default_layout","footnotes":""},"categories":[1],"tags":[856,3936,3937,330,3938,1422,3934,3935,241,3939],"class_list":["post-23893","post","type-post","status-publish","format-standard","has-post-thumbnail","hentry","category-nacional","tag-bomberos","tag-bomberos-el-salvador-incendio","tag-carretera-al-puerto","tag-emergencia","tag-emergencia-el-salvador-tags-la-libertad","tag-incendio","tag-incendio-carretera-puerto-de-la-libertad","tag-kilometro-21-carretera-puerto","tag-noticia-el-salvador","tag-vegetacion-seca-la-libertad"],"_links":{"self":[{"href":"https:\/\/elmetidosv.com\/index.php?rest_route=\/wp\/v2\/posts\/23893","targetHints":{"allow":["GET"]}}],"collection":[{"href":"https:\/\/elmetidosv.com\/index.php?rest_route=\/wp\/v2\/posts"}],"about":[{"href":"https:\/\/elmetidosv.com\/index.php?rest_route=\/wp\/v2\/types\/post"}],"author":[{"embeddable":true,"href":"https:\/\/elmetidosv.com\/index.php?rest_route=\/wp\/v2\/users\/2"}],"replies":[{"embeddable":true,"href":"https:\/\/elmetidosv.com\/index.php?rest_route=%2Fwp%2Fv2%2Fcomments&post=23893"}],"version-history":[{"count":1,"href":"https:\/\/elmetidosv.com\/index.php?rest_route=\/wp\/v2\/posts\/23893\/revisions"}],"predecessor-version":[{"id":23896,"href":"https:\/\/elmetidosv.com\/index.php?rest_route=\/wp\/v2\/posts\/23893\/revisions\/23896"}],"wp:featuredmedia":[{"embeddable":true,"href":"https:\/\/elmetidosv.com\/index.php?rest_route=\/wp\/v2\/media\/23894"}],"wp:attachment":[{"href":"https:\/\/elmetidosv.com\/index.php?rest_route=%2Fwp%2Fv2%2Fmedia&parent=23893"}],"wp:term":[{"taxonomy":"category","embeddable":true,"href":"https:\/\/elmetidosv.com\/index.php?rest_route=%2Fwp%2Fv2%2Fcategories&post=23893"},{"taxonomy":"post_tag","embeddable":true,"href":"https:\/\/elmetidosv.com\/index.php?rest_route=%2Fwp%2Fv2%2Ftags&post=23893"}],"curies":[{"name":"wp","href":"https:\/\/api.w.org\/{rel}","templated":true}]}}