{"id":23889,"date":"2026-02-26T08:07:27","date_gmt":"2026-02-26T14:07:27","guid":{"rendered":"https:\/\/elmetidosv.com\/?p=23889"},"modified":"2026-02-26T08:31:20","modified_gmt":"2026-02-26T14:31:20","slug":"capturan-a-agente-activo-de-la-pnc-acusado-de-trafico-ilegal-de-personas","status":"publish","type":"post","link":"https:\/\/elmetidosv.com\/?p=23889","title":{"rendered":"CAPTURAN A AGENTE ACTIVO DE LA PNC ACUSADO DE TR\u00c1FICO ILEGAL DE PERSONAS"},"content":{"rendered":"\n<figure class=\"wp-block-image size-large\"><img loading=\"lazy\" decoding=\"async\" width=\"771\" height=\"1024\" src=\"https:\/\/elmetidosv.com\/wp-content\/uploads\/2026\/02\/pnc-2-771x1024.jpeg\" alt=\"\" class=\"wp-image-23891\" srcset=\"https:\/\/elmetidosv.com\/wp-content\/uploads\/2026\/02\/pnc-2-771x1024.jpeg 771w, https:\/\/elmetidosv.com\/wp-content\/uploads\/2026\/02\/pnc-2-226x300.jpeg 226w, https:\/\/elmetidosv.com\/wp-content\/uploads\/2026\/02\/pnc-2-768x1021.jpeg 768w, https:\/\/elmetidosv.com\/wp-content\/uploads\/2026\/02\/pnc-2-1156x1536.jpeg 1156w, https:\/\/elmetidosv.com\/wp-content\/uploads\/2026\/02\/pnc-2.jpeg 1204w\" sizes=\"auto, (max-width: 771px) 100vw, 771px\" \/><\/figure>\n\n\n\n<p><strong>San Salvador, El Salvador.<\/strong> \u2014 Un agente en funciones de la <strong>Polic\u00eda Nacional Civil<\/strong> (PNC) fue capturado este d\u00eda en cumplimiento de una orden judicial girada por la <strong>Fiscal\u00eda General de la Rep\u00fablica<\/strong>, informaron autoridades.<\/p>\n\n\n\n<p>El detenido fue identificado como <strong>Danis Adolfo Escalante Arana<\/strong>, se\u00f1alado por los delitos de tr\u00e1fico ilegal de personas y agrupaciones il\u00edcitas, de acuerdo con el reporte oficial. Tras su captura, el agente ser\u00e1 puesto a disposici\u00f3n de los tribunales correspondientes para enfrentar el proceso judicial conforme al debido proceso.<\/p>\n\n\n\n<p>Las autoridades subrayaron que la investigaci\u00f3n se desarroll\u00f3 dentro de los marcos legales establecidos y reiteraron que no existe tolerancia institucional para conductas al margen de la ley, independientemente del cargo o funci\u00f3n que se desempe\u00f1e.<\/p>\n\n\n\n<p>La <strong>Polic\u00eda Nacional Civil<\/strong> y la <strong>Fiscal\u00eda General de la Rep\u00fablica<\/strong> reafirmaron su compromiso con la legalidad, la transparencia y el combate a las estructuras delictivas, y se\u00f1alaron que continuar\u00e1n las acciones para garantizar la integridad de las instituciones de seguridad.<\/p>\n\n\n\n<figure class=\"wp-block-image size-full\"><img loading=\"lazy\" decoding=\"async\" width=\"1024\" height=\"1024\" src=\"https:\/\/elmetidosv.com\/wp-content\/uploads\/2026\/02\/SANTEIN-2.jpeg\" alt=\"\" class=\"wp-image-23806\" srcset=\"https:\/\/elmetidosv.com\/wp-content\/uploads\/2026\/02\/SANTEIN-2.jpeg 1024w, https:\/\/elmetidosv.com\/wp-content\/uploads\/2026\/02\/SANTEIN-2-300x300.jpeg 300w, https:\/\/elmetidosv.com\/wp-content\/uploads\/2026\/02\/SANTEIN-2-150x150.jpeg 150w, https:\/\/elmetidosv.com\/wp-content\/uploads\/2026\/02\/SANTEIN-2-768x768.jpeg 768w\" sizes=\"auto, (max-width: 1024px) 100vw, 1024px\" \/><\/figure>\n","protected":false},"excerpt":{"rendered":"<p>San Salvador, El Salvador. \u2014 Un agente en funciones de la Polic\u00eda Nacional Civil (PNC) fue capturado este d\u00eda en<\/p>\n","protected":false},"author":2,"featured_media":23890,"comment_status":"closed","ping_status":"closed","sticky":false,"template":"","format":"standard","meta":{"colormag_page_container_layout":"default_layout","colormag_page_sidebar_layout":"default_layout","footnotes":""},"categories":[1],"tags":[3931,429,168,31,363,362,82,954,3930,3933,93,3932],"class_list":["post-23889","post","type-post","status-publish","format-standard","has-post-thumbnail","hentry","category-nacional","tag-agente-pnc-detenido","tag-agrupaciones-ilicitas","tag-captura","tag-el-salvador","tag-fgr","tag-fiscalia-general-de-la-republica","tag-justicia","tag-noticia-nacional","tag-pnc-el-salvador-captura","tag-proceso-judicial-el-salvador-tags-pnc","tag-seguridad","tag-trafico-ilegal-de-personas-el-salvador"],"_links":{"self":[{"href":"https:\/\/elmetidosv.com\/index.php?rest_route=\/wp\/v2\/posts\/23889","targetHints":{"allow":["GET"]}}],"collection":[{"href":"https:\/\/elmetidosv.com\/index.php?rest_route=\/wp\/v2\/posts"}],"about":[{"href":"https:\/\/elmetidosv.com\/index.php?rest_route=\/wp\/v2\/types\/post"}],"author":[{"embeddable":true,"href":"https:\/\/elmetidosv.com\/index.php?rest_route=\/wp\/v2\/users\/2"}],"replies":[{"embeddable":true,"href":"https:\/\/elmetidosv.com\/index.php?rest_route=%2Fwp%2Fv2%2Fcomments&post=23889"}],"version-history":[{"count":1,"href":"https:\/\/elmetidosv.com\/index.php?rest_route=\/wp\/v2\/posts\/23889\/revisions"}],"predecessor-version":[{"id":23892,"href":"https:\/\/elmetidosv.com\/index.php?rest_route=\/wp\/v2\/posts\/23889\/revisions\/23892"}],"wp:featuredmedia":[{"embeddable":true,"href":"https:\/\/elmetidosv.com\/index.php?rest_route=\/wp\/v2\/media\/23890"}],"wp:attachment":[{"href":"https:\/\/elmetidosv.com\/index.php?rest_route=%2Fwp%2Fv2%2Fmedia&parent=23889"}],"wp:term":[{"taxonomy":"category","embeddable":true,"href":"https:\/\/elmetidosv.com\/index.php?rest_route=%2Fwp%2Fv2%2Fcategories&post=23889"},{"taxonomy":"post_tag","embeddable":true,"href":"https:\/\/elmetidosv.com\/index.php?rest_route=%2Fwp%2Fv2%2Ftags&post=23889"}],"curies":[{"name":"wp","href":"https:\/\/api.w.org\/{rel}","templated":true}]}}