{"id":23885,"date":"2026-02-25T16:40:18","date_gmt":"2026-02-25T22:40:18","guid":{"rendered":"https:\/\/elmetidosv.com\/?p=23885"},"modified":"2026-02-25T16:40:18","modified_gmt":"2026-02-25T22:40:18","slug":"localizan-sin-vida-a-joven-desaparecido-tras-ser-arrastrado-por-el-mar-en-la-paz","status":"publish","type":"post","link":"https:\/\/elmetidosv.com\/?p=23885","title":{"rendered":"LOCALIZAN SIN VIDA A JOVEN DESAPARECIDO TRAS SER ARRASTRADO POR EL MAR EN LA PAZ"},"content":{"rendered":"\n<p><strong>La Paz, El Salvador.<\/strong> \u2014 Autoridades de rescate localizaron este d\u00eda el cuerpo de <strong>Justin Alejandro de la Cruz<\/strong>, joven que hab\u00eda sido reportado como desaparecido luego de ser arrastrado por la corriente marina el pasado domingo en la <strong>Playa La Zunganera<\/strong>, en el departamento de <strong>La Paz<\/strong>.<\/p>\n\n\n\n<p>De acuerdo con informaci\u00f3n preliminar, el joven lleg\u00f3 a la playa acompa\u00f1ado de un grupo de personas cuando una fuerte ola lo arrastr\u00f3 mar adentro junto a otras cuatro personas, quienes lograron salir con vida. Sin embargo, Justin no consigui\u00f3 regresar a la orilla.<\/p>\n\n\n\n<p>Tras el incidente, las autoridades activaron un operativo de b\u00fasqueda y localizaci\u00f3n que se mantuvo durante varios d\u00edas, hasta concluir este d\u00eda con el hallazgo del cuerpo. La v\u00edctima era originaria de <strong>Olocuilta<\/strong>.<\/p>\n\n\n\n<p>Las autoridades reiteraron el llamado a la poblaci\u00f3n a extremar precauciones al ingresar al mar, especialmente cuando se registran condiciones adversas, y a atender las recomendaciones de los cuerpos de socorro para prevenir tragedias.<\/p>\n\n\n\n<figure class=\"wp-block-image aligncenter size-full\"><img loading=\"lazy\" decoding=\"async\" width=\"405\" height=\"365\" src=\"https:\/\/elmetidosv.com\/wp-content\/uploads\/2026\/02\/ahogado-3.png\" alt=\"\" class=\"wp-image-23887\" srcset=\"https:\/\/elmetidosv.com\/wp-content\/uploads\/2026\/02\/ahogado-3.png 405w, https:\/\/elmetidosv.com\/wp-content\/uploads\/2026\/02\/ahogado-3-300x270.png 300w\" sizes=\"auto, (max-width: 405px) 100vw, 405px\" \/><\/figure>\n","protected":false},"excerpt":{"rendered":"<p>La Paz, El Salvador. \u2014 Autoridades de rescate localizaron este d\u00eda el cuerpo de Justin Alejandro de la Cruz, joven<\/p>\n","protected":false},"author":2,"featured_media":23886,"comment_status":"closed","ping_status":"","sticky":false,"template":"","format":"standard","meta":{"colormag_page_container_layout":"default_layout","colormag_page_sidebar_layout":"default_layout","footnotes":""},"categories":[1],"tags":[3928,3922,3927,241,3929,3923,3924,382,3926,93,3925],"class_list":["post-23885","post","type-post","status-publish","format-standard","has-post-thumbnail","hentry","category-nacional","tag-desaparecido-en-el-mar-el-salvador","tag-joven-fallecido-la-paz","tag-mar","tag-noticia-el-salvador","tag-olocuilta","tag-olocuilta-noticia","tag-playa-la-zunganera","tag-rescate","tag-rescate-maritimo-la-paz","tag-seguridad","tag-seguridad-en-playas-el-salvador-tags-la-paz"],"_links":{"self":[{"href":"https:\/\/elmetidosv.com\/index.php?rest_route=\/wp\/v2\/posts\/23885","targetHints":{"allow":["GET"]}}],"collection":[{"href":"https:\/\/elmetidosv.com\/index.php?rest_route=\/wp\/v2\/posts"}],"about":[{"href":"https:\/\/elmetidosv.com\/index.php?rest_route=\/wp\/v2\/types\/post"}],"author":[{"embeddable":true,"href":"https:\/\/elmetidosv.com\/index.php?rest_route=\/wp\/v2\/users\/2"}],"replies":[{"embeddable":true,"href":"https:\/\/elmetidosv.com\/index.php?rest_route=%2Fwp%2Fv2%2Fcomments&post=23885"}],"version-history":[{"count":1,"href":"https:\/\/elmetidosv.com\/index.php?rest_route=\/wp\/v2\/posts\/23885\/revisions"}],"predecessor-version":[{"id":23888,"href":"https:\/\/elmetidosv.com\/index.php?rest_route=\/wp\/v2\/posts\/23885\/revisions\/23888"}],"wp:featuredmedia":[{"embeddable":true,"href":"https:\/\/elmetidosv.com\/index.php?rest_route=\/wp\/v2\/media\/23886"}],"wp:attachment":[{"href":"https:\/\/elmetidosv.com\/index.php?rest_route=%2Fwp%2Fv2%2Fmedia&parent=23885"}],"wp:term":[{"taxonomy":"category","embeddable":true,"href":"https:\/\/elmetidosv.com\/index.php?rest_route=%2Fwp%2Fv2%2Fcategories&post=23885"},{"taxonomy":"post_tag","embeddable":true,"href":"https:\/\/elmetidosv.com\/index.php?rest_route=%2Fwp%2Fv2%2Ftags&post=23885"}],"curies":[{"name":"wp","href":"https:\/\/api.w.org\/{rel}","templated":true}]}}