{"id":23879,"date":"2026-02-25T14:23:36","date_gmt":"2026-02-25T20:23:36","guid":{"rendered":"https:\/\/elmetidosv.com\/?p=23879"},"modified":"2026-02-25T14:23:36","modified_gmt":"2026-02-25T20:23:36","slug":"tres-menores-reciben-20-anos-de-internamiento-por-extorsion-en-chalchuapa","status":"publish","type":"post","link":"https:\/\/elmetidosv.com\/?p=23879","title":{"rendered":"TRES MENORES RECIBEN 20 A\u00d1OS DE INTERNAMIENTO POR EXTORSI\u00d3N EN CHALCHUAPA"},"content":{"rendered":"\n<p>Santa Ana, El Salvador. \u2013 La Fiscal\u00eda General de la Rep\u00fablica inform\u00f3 que logr\u00f3 que tres menores de edad sean condenados a 20 a\u00f1os de internamiento cada uno, tras comprobarse su participaci\u00f3n en casos de extorsi\u00f3n en una colonia del municipio de Chalchuapa, en Santa Ana.<br>De acuerdo con la acusaci\u00f3n fiscal, las pruebas presentadas durante la audiencia demostraron que los adolescentes pertenec\u00edan a la Mara Salvatrucha (MS) y que participaron en diferentes hechos de extorsi\u00f3n en perjuicio de v\u00edctimas de la zona.<br>El proceso judicial se desarroll\u00f3 en el Tribunal Segundo Contra el Crimen Organizado de Santa Ana, ante el Juez de Garant\u00edas para el Menor, donde se valoraron las evidencias incorporadas por la representaci\u00f3n fiscal.<br>Las autoridades reiteraron que continuar\u00e1n impulsando acciones legales contra estructuras dedicadas a la extorsi\u00f3n, conforme a la normativa vigente.<\/p>\n\n\n\n<figure class=\"wp-block-image size-full\"><img loading=\"lazy\" decoding=\"async\" width=\"1024\" height=\"1024\" src=\"https:\/\/elmetidosv.com\/wp-content\/uploads\/2026\/02\/SANTEIN-2.jpeg\" alt=\"\" class=\"wp-image-23806\" srcset=\"https:\/\/elmetidosv.com\/wp-content\/uploads\/2026\/02\/SANTEIN-2.jpeg 1024w, https:\/\/elmetidosv.com\/wp-content\/uploads\/2026\/02\/SANTEIN-2-300x300.jpeg 300w, https:\/\/elmetidosv.com\/wp-content\/uploads\/2026\/02\/SANTEIN-2-150x150.jpeg 150w, https:\/\/elmetidosv.com\/wp-content\/uploads\/2026\/02\/SANTEIN-2-768x768.jpeg 768w\" sizes=\"auto, (max-width: 1024px) 100vw, 1024px\" \/><\/figure>\n","protected":false},"excerpt":{"rendered":"<p>Santa Ana, El Salvador. \u2013 La Fiscal\u00eda General de la Rep\u00fablica inform\u00f3 que logr\u00f3 que tres menores de edad sean<\/p>\n","protected":false},"author":2,"featured_media":23880,"comment_status":"closed","ping_status":"","sticky":false,"template":"","format":"standard","meta":{"colormag_page_container_layout":"default_layout","colormag_page_sidebar_layout":"default_layout","footnotes":""},"categories":[1],"tags":[3912,1585,3913,366,363,362,3917,3916,965,3914,2217,46,33,449,3915],"class_list":["post-23879","post","type-post","status-publish","format-standard","has-post-thumbnail","hentry","category-nacional","tag-20-anos-de-internamiento","tag-chalchuapa","tag-el-salvador-tags-chalchuapa","tag-extorsion","tag-fgr","tag-fiscalia-general-de-la-republica","tag-internamiento","tag-justicia-juvenil","tag-mara-salvatrucha","tag-menores-condenados","tag-menores-de-edad","tag-noticias-el-salvador","tag-santa-ana","tag-tribunal-contra-el-crimen-organizado","tag-tribunal-segundo-contra-el-crimen-organizado-de-santa-ana"],"_links":{"self":[{"href":"https:\/\/elmetidosv.com\/index.php?rest_route=\/wp\/v2\/posts\/23879","targetHints":{"allow":["GET"]}}],"collection":[{"href":"https:\/\/elmetidosv.com\/index.php?rest_route=\/wp\/v2\/posts"}],"about":[{"href":"https:\/\/elmetidosv.com\/index.php?rest_route=\/wp\/v2\/types\/post"}],"author":[{"embeddable":true,"href":"https:\/\/elmetidosv.com\/index.php?rest_route=\/wp\/v2\/users\/2"}],"replies":[{"embeddable":true,"href":"https:\/\/elmetidosv.com\/index.php?rest_route=%2Fwp%2Fv2%2Fcomments&post=23879"}],"version-history":[{"count":1,"href":"https:\/\/elmetidosv.com\/index.php?rest_route=\/wp\/v2\/posts\/23879\/revisions"}],"predecessor-version":[{"id":23881,"href":"https:\/\/elmetidosv.com\/index.php?rest_route=\/wp\/v2\/posts\/23879\/revisions\/23881"}],"wp:featuredmedia":[{"embeddable":true,"href":"https:\/\/elmetidosv.com\/index.php?rest_route=\/wp\/v2\/media\/23880"}],"wp:attachment":[{"href":"https:\/\/elmetidosv.com\/index.php?rest_route=%2Fwp%2Fv2%2Fmedia&parent=23879"}],"wp:term":[{"taxonomy":"category","embeddable":true,"href":"https:\/\/elmetidosv.com\/index.php?rest_route=%2Fwp%2Fv2%2Fcategories&post=23879"},{"taxonomy":"post_tag","embeddable":true,"href":"https:\/\/elmetidosv.com\/index.php?rest_route=%2Fwp%2Fv2%2Ftags&post=23879"}],"curies":[{"name":"wp","href":"https:\/\/api.w.org\/{rel}","templated":true}]}}